{"id":159769,"date":"2025-11-21T09:33:16","date_gmt":"2025-11-21T09:33:16","guid":{"rendered":"https:\/\/www.europesays.com\/pt\/159769\/"},"modified":"2025-11-21T09:33:16","modified_gmt":"2025-11-21T09:33:16","slug":"casa-dos-segredos-excesso-de-medicacao-irma-de-fabio-revela-conversa-secreta-com-a-producao","status":"publish","type":"post","link":"https:\/\/www.europesays.com\/pt\/159769\/","title":{"rendered":"Casa dos Segredos &#8211; Excesso de medica\u00e7\u00e3o? Irm\u00e3 de F\u00e1bio revela conversa \u2018secreta\u2019 com a produ\u00e7\u00e3o"},"content":{"rendered":"<p>A postura e os comportamentos de <strong>F\u00e1bio<\/strong> dentro da <strong>Casa dos Segredos<\/strong> t\u00eam gerado alguma desconfian\u00e7a na fam\u00edlia. Isto porque, segundo a irm\u00e3, o concorrente n\u00e3o costuma ter essas atitudes e comportar-se da mesma forma no exterior.<\/p>\n<p><strong>\u201cOs meus pais est\u00e3o tristes, acham que o F\u00e1bio n\u00e3o est\u00e1 bem, como muita gente nas redes sociais anda a dizer, parece que ele se anda a arrastar. N\u00e3o \u00e9 o menino que a gente conhece. N\u00e3o \u00e9 t\u00e3o alegre, t\u00e3o divertido\u201d<\/strong>, come\u00e7ou por dizer <strong>Vanessa Pereira<\/strong> \u00e0 revista <a href=\"https:\/\/www.tv7dias.pt\/\" rel=\"nofollow noopener\" target=\"_blank\">TV 7 Dias<\/a>.<\/p>\n<p>Suspeitos de que algo pudesse estar a acontecer, a familiar revelou que <strong>tiveram uma conversa privada com a produ\u00e7\u00e3o.<\/strong><\/p>\n<blockquote>\n<p><strong>Leia tamb\u00e9m: Casa dos Segredos &#8211; <\/strong><a href=\"https:\/\/www.novagente.pt\/casa-dos-segredos-finalmente-marisa-susana-descobre-segredo-de-marisa-pedro-ele-pai\" rel=\"nofollow noopener\" target=\"_blank\">Finalmente! Marisa Susana descobre &#8216;segredo&#8217; de Marisa e Pedro: &#8220;Ele \u00e9 o pai&#8230;&#8221;<\/a><\/p>\n<\/blockquote>\n<p><strong>\u201cTent\u00e1mos ver se realmente havia algum problema, alguma medica\u00e7\u00e3o que ele estivesse a tomar\u2026\u201d<\/strong>, referiu e exp\u00f4s o que lhe responderam: <strong>\u201cO que nos disseram foi que estava tudo bem, que ele estava a fazer o que achava melhor para ele e para ficarmos descansados\u201d<\/strong>.<\/p>\n<p>Por fim, afirmou: <strong>\u201cParece que est\u00e1 \u00e0 base de calmantes, sedado. Com excesso de medica\u00e7\u00e3o, a pessoa acaba por ficar sedada. O nosso ponto de preocupa\u00e7\u00e3o foi o de n\u00e3o o reconhecer por ele ser uma pessoa t\u00e3o alegre, t\u00e3o animada e ali parece que se arrasta, que \u00e0s vezes evita falar. S\u00f3 est\u00e1 a existir\u201d<\/strong>.<\/p>\n<p>\u00a0<\/p>\n<p>Texto: Carolina Charrua; Fotos: Redes sociais<\/p>\n<p class=\"intagram-text\">Siga a Nova Gente no Instagram<\/p>\n<p>                        <a href=\"https:\/\/www.instagram.com\/revistanovagente\/\" target=\"_blank\" aria-label=\"instagram\" rel=\"noopener nofollow\"><img decoding=\"async\" style=\"display: block; margin-left: auto; margin-right: auto; width: 250px; height: 83px;\" src=\"https:\/\/www.europesays.com\/pt\/wp-content\/uploads\/2025\/11\/Instagram_NG.png\" alt=\"instagram\"\/><\/a><br \/>\n                    <script async src=\"\/\/www.instagram.com\/embed.js\"><\/script><\/p>\n","protected":false},"excerpt":{"rendered":"A postura e os comportamentos de F\u00e1bio dentro da Casa dos Segredos t\u00eam gerado alguma desconfian\u00e7a na fam\u00edlia.&hellip;\n","protected":false},"author":2,"featured_media":159770,"comment_status":"","ping_status":"","sticky":false,"template":"","format":"standard","meta":{"footnotes":""},"categories":[142],"tags":[2632,114,115,19082,981,32,3654,33,1315,151,162,34044],"class_list":{"0":"post-159769","1":"post","2":"type-post","3":"status-publish","4":"format-standard","5":"has-post-thumbnail","7":"category-tv","8":"tag-casa-dos-segredos","9":"tag-entertainment","10":"tag-entretenimento","11":"tag-fabio","12":"tag-familia","13":"tag-portugal","14":"tag-producao","15":"tag-pt","16":"tag-secret-story","17":"tag-tv","18":"tag-tvi","19":"tag-vanessa-pereira"},"share_on_mastodon":{"url":"https:\/\/pubeurope.com\/@pt\/115587003783095778","error":""},"_links":{"self":[{"href":"https:\/\/www.europesays.com\/pt\/wp-json\/wp\/v2\/posts\/159769","targetHints":{"allow":["GET"]}}],"collection":[{"href":"https:\/\/www.europesays.com\/pt\/wp-json\/wp\/v2\/posts"}],"about":[{"href":"https:\/\/www.europesays.com\/pt\/wp-json\/wp\/v2\/types\/post"}],"author":[{"embeddable":true,"href":"https:\/\/www.europesays.com\/pt\/wp-json\/wp\/v2\/users\/2"}],"replies":[{"embeddable":true,"href":"https:\/\/www.europesays.com\/pt\/wp-json\/wp\/v2\/comments?post=159769"}],"version-history":[{"count":0,"href":"https:\/\/www.europesays.com\/pt\/wp-json\/wp\/v2\/posts\/159769\/revisions"}],"wp:featuredmedia":[{"embeddable":true,"href":"https:\/\/www.europesays.com\/pt\/wp-json\/wp\/v2\/media\/159770"}],"wp:attachment":[{"href":"https:\/\/www.europesays.com\/pt\/wp-json\/wp\/v2\/media?parent=159769"}],"wp:term":[{"taxonomy":"category","embeddable":true,"href":"https:\/\/www.europesays.com\/pt\/wp-json\/wp\/v2\/categories?post=159769"},{"taxonomy":"post_tag","embeddable":true,"href":"https:\/\/www.europesays.com\/pt\/wp-json\/wp\/v2\/tags?post=159769"}],"curies":[{"name":"wp","href":"https:\/\/api.w.org\/{rel}","templated":true}]}}