{"id":159790,"date":"2025-11-21T09:54:07","date_gmt":"2025-11-21T09:54:07","guid":{"rendered":"https:\/\/www.europesays.com\/pt\/159790\/"},"modified":"2025-11-21T09:54:07","modified_gmt":"2025-11-21T09:54:07","slug":"preco-dos-combustiveis-na-proxima-semana-24-a-30-de-novembro","status":"publish","type":"post","link":"https:\/\/www.europesays.com\/pt\/159790\/","title":{"rendered":"Pre\u00e7o dos combust\u00edveis na pr\u00f3xima semana (24 a 30 de novembro)"},"content":{"rendered":"<p>Semana de 24 a 30 de novembro<\/p>\n<p style=\"text-align: start;\">Cada marca e posto de combust\u00edvel pode fazer o pre\u00e7o que entender, uma vez que a pol\u00edtica de pre\u00e7o dos combust\u00edveis \u00e9 livre em Portugal. Os valores referidos s\u00e3o apenas indicativos do que deve esperar na pr\u00f3xima semana. Esta informa\u00e7\u00e3o ajuda-o a avaliar se abastece j\u00e1 ou se espera por segunda-feira.<\/p>\n<p>PORTUGAL continental<\/p>\n<p><strong>Gas\u00f3leo (+3 c\u00eantimos<\/strong><strong>)<\/strong><\/p>\n<p style=\"text-align: start;\">| Semanas anteriores* (0,5)(1,5)(4,5)(2)(-1,5)(-1)(-2)(0,5)(0,5)(=)(2)(0,5)(0,5)(-1,5)(-3,5)(-0,5)(-0,5)(-0,5)(3,5(=)(-4)(8)(1,5)(0,5)(=)(-1,5)(3,5)(-1)(-1,5)(=)(=)(-6,5)(-0,5) (2)<\/p>\n<p style=\"text-align: start;\">*A ordem das altera\u00e7\u00f5es \u00e9 da mais recente para a mais antiga.<\/p>\n<p><strong>Gasolina (-1 c\u00eantimo<\/strong><strong>)<\/strong><\/p>\n<p style=\"text-align: start;\">| Semanas anteriores*: (3)(-0,5)(2)(-2)(=)(=)(-0,5)(-1)(0,5)(=)(1,5)(-0,5)(0,5)(=)(-1,5)(2,5)(-1)(-0,5)(2)(-2)(-3,5)(3)(1)(0,5)(-0,5)(-1)(3)(+0,5)(-2)(1)(0,5)(-7,5)(1)(4)(+2)<\/p>\n<p style=\"text-align: start;\">*A ordem das altera\u00e7\u00f5es \u00e9 da mais recente para a mais antiga.<\/p>\n<p>Pre\u00e7os atualizados por litro<\/p>\n<p>Com base nesta previs\u00e3o, o pre\u00e7o m\u00e9dio por litro do Gas\u00f3leo dever\u00e1 ser na semana que vem de:<\/p>\n<p>Gas\u00f3leo 1,639\u20ac<\/p>\n<p>Gasolina 1,724 \u20ac<\/p>\n<p>https:\/\/precoscombustiveis.dgeg.gov.pt\/estatistica\/preco-medio-diario\/<\/p>\n<p>Pre\u00e7os mais baixos em Portugal<\/p>\n<p>https:\/\/precoscombustiveis.dgeg.gov.pt\/<\/p>\n<p>\ud83d\udccd <strong>Como saber qual o posto mais barato perto de si?<\/strong><\/p>\n","protected":false},"excerpt":{"rendered":"Semana de 24 a 30 de novembro Cada marca e posto de combust\u00edvel pode fazer o pre\u00e7o que&hellip;\n","protected":false},"author":2,"featured_media":523,"comment_status":"","ping_status":"","sticky":false,"template":"","format":"standard","meta":{"footnotes":""},"categories":[83],"tags":[88,89,90,32,33],"class_list":{"0":"post-159790","1":"post","2":"type-post","3":"status-publish","4":"format-standard","5":"has-post-thumbnail","7":"category-empresas","8":"tag-business","9":"tag-economy","10":"tag-empresas","11":"tag-portugal","12":"tag-pt"},"share_on_mastodon":{"url":"https:\/\/pubeurope.com\/@pt\/115587085994160524","error":""},"_links":{"self":[{"href":"https:\/\/www.europesays.com\/pt\/wp-json\/wp\/v2\/posts\/159790","targetHints":{"allow":["GET"]}}],"collection":[{"href":"https:\/\/www.europesays.com\/pt\/wp-json\/wp\/v2\/posts"}],"about":[{"href":"https:\/\/www.europesays.com\/pt\/wp-json\/wp\/v2\/types\/post"}],"author":[{"embeddable":true,"href":"https:\/\/www.europesays.com\/pt\/wp-json\/wp\/v2\/users\/2"}],"replies":[{"embeddable":true,"href":"https:\/\/www.europesays.com\/pt\/wp-json\/wp\/v2\/comments?post=159790"}],"version-history":[{"count":0,"href":"https:\/\/www.europesays.com\/pt\/wp-json\/wp\/v2\/posts\/159790\/revisions"}],"wp:featuredmedia":[{"embeddable":true,"href":"https:\/\/www.europesays.com\/pt\/wp-json\/wp\/v2\/media\/523"}],"wp:attachment":[{"href":"https:\/\/www.europesays.com\/pt\/wp-json\/wp\/v2\/media?parent=159790"}],"wp:term":[{"taxonomy":"category","embeddable":true,"href":"https:\/\/www.europesays.com\/pt\/wp-json\/wp\/v2\/categories?post=159790"},{"taxonomy":"post_tag","embeddable":true,"href":"https:\/\/www.europesays.com\/pt\/wp-json\/wp\/v2\/tags?post=159790"}],"curies":[{"name":"wp","href":"https:\/\/api.w.org\/{rel}","templated":true}]}}