{"id":159793,"date":"2025-11-21T09:56:11","date_gmt":"2025-11-21T09:56:11","guid":{"rendered":"https:\/\/www.europesays.com\/pt\/159793\/"},"modified":"2025-11-21T09:56:11","modified_gmt":"2025-11-21T09:56:11","slug":"socrates-requer-a-juiza-esclarecimentos-sobre-prescricao-de-crimes","status":"publish","type":"post","link":"https:\/\/www.europesays.com\/pt\/159793\/","title":{"rendered":"S\u00f3crates requer \u00e0 ju\u00edza esclarecimentos sobre prescri\u00e7\u00e3o de crimes"},"content":{"rendered":"<p>O antigo primeiro-ministro Jos\u00e9 S\u00f3crates requereu esta quinta-feira, 20 de novembro, \u00e0 ju\u00edza presidente da \u201cOpera\u00e7\u00e3o Marqu\u00eas\u201d o esclarecimento sobre eventuais prescri\u00e7\u00f5es de crimes no processo em 2026, que afirma n\u00e3o terem sido discutidos no julgamento em curso.<\/p>\n<p>No requerimento enviado \u00e0 ju\u00edza Susana Seca, a que a ag\u00eancia Lusa teve acesso, Jos\u00e9 S\u00f3crates baseia-se em not\u00edcias difundidas em v\u00e1rios \u00f3rg\u00e3os de comunica\u00e7\u00e3o social para alegar que o tribunal transmitiu informa\u00e7\u00e3o sobre os prazos de prescri\u00e7\u00e3o de crimes que <strong>\u201cnunca foram discutidas em audi\u00eancia de julgamento nem nunca foram colocadas em discuss\u00e3o por qualquer das partes\u201d<\/strong>.<\/p>\n<p>Em causa est\u00e3o, nomeadamente, crimes de corrup\u00e7\u00e3o passiva e corrup\u00e7\u00e3o ativa ligados ao universo Vale de Lobo, e que podem prescrever no primeiro semestre de 2026, esclarecimento prestado pelo tribunal atrav\u00e9s do Conselho Superior da Magistratura (CSM), e que S\u00f3crates alega estar a interferir de forma ilegal no processo.<\/p>\n","protected":false},"excerpt":{"rendered":"O antigo primeiro-ministro Jos\u00e9 S\u00f3crates requereu esta quinta-feira, 20 de novembro, \u00e0 ju\u00edza presidente da \u201cOpera\u00e7\u00e3o Marqu\u00eas\u201d o&hellip;\n","protected":false},"author":2,"featured_media":159794,"comment_status":"","ping_status":"","sticky":false,"template":"","format":"standard","meta":{"footnotes":""},"categories":[10],"tags":[27,28,15,16,14,16189,603,25,26,21,22,12,13,19,20,16190,32,23,24,33,17,18,29,30,31],"class_list":{"0":"post-159793","1":"post","2":"type-post","3":"status-publish","4":"format-standard","5":"has-post-thumbnail","7":"category-portugal","8":"tag-breaking-news","9":"tag-breakingnews","10":"tag-featured-news","11":"tag-featurednews","12":"tag-headlines","13":"tag-jose-socrates","14":"tag-justica","15":"tag-latest-news","16":"tag-latestnews","17":"tag-main-news","18":"tag-mainnews","19":"tag-news","20":"tag-noticias","21":"tag-noticias-principais","22":"tag-noticiasprincipais","23":"tag-operacao-marques","24":"tag-portugal","25":"tag-principais-noticias","26":"tag-principaisnoticias","27":"tag-pt","28":"tag-top-stories","29":"tag-topstories","30":"tag-ultimas","31":"tag-ultimas-noticias","32":"tag-ultimasnoticias"},"share_on_mastodon":{"url":"https:\/\/pubeurope.com\/@pt\/115587093855249830","error":""},"_links":{"self":[{"href":"https:\/\/www.europesays.com\/pt\/wp-json\/wp\/v2\/posts\/159793","targetHints":{"allow":["GET"]}}],"collection":[{"href":"https:\/\/www.europesays.com\/pt\/wp-json\/wp\/v2\/posts"}],"about":[{"href":"https:\/\/www.europesays.com\/pt\/wp-json\/wp\/v2\/types\/post"}],"author":[{"embeddable":true,"href":"https:\/\/www.europesays.com\/pt\/wp-json\/wp\/v2\/users\/2"}],"replies":[{"embeddable":true,"href":"https:\/\/www.europesays.com\/pt\/wp-json\/wp\/v2\/comments?post=159793"}],"version-history":[{"count":0,"href":"https:\/\/www.europesays.com\/pt\/wp-json\/wp\/v2\/posts\/159793\/revisions"}],"wp:featuredmedia":[{"embeddable":true,"href":"https:\/\/www.europesays.com\/pt\/wp-json\/wp\/v2\/media\/159794"}],"wp:attachment":[{"href":"https:\/\/www.europesays.com\/pt\/wp-json\/wp\/v2\/media?parent=159793"}],"wp:term":[{"taxonomy":"category","embeddable":true,"href":"https:\/\/www.europesays.com\/pt\/wp-json\/wp\/v2\/categories?post=159793"},{"taxonomy":"post_tag","embeddable":true,"href":"https:\/\/www.europesays.com\/pt\/wp-json\/wp\/v2\/tags?post=159793"}],"curies":[{"name":"wp","href":"https:\/\/api.w.org\/{rel}","templated":true}]}}