{"id":159803,"date":"2025-11-21T10:09:11","date_gmt":"2025-11-21T10:09:11","guid":{"rendered":"https:\/\/www.europesays.com\/pt\/159803\/"},"modified":"2025-11-21T10:09:11","modified_gmt":"2025-11-21T10:09:11","slug":"rejeitadas-propostas-da-oposicao-para-deduzir-no-irs-juros-do-credito-da-casa","status":"publish","type":"post","link":"https:\/\/www.europesays.com\/pt\/159803\/","title":{"rendered":"Rejeitadas propostas da oposi\u00e7\u00e3o para deduzir no IRS juros do cr\u00e9dito da casa"},"content":{"rendered":"<p>        O parlamento rejeitou esta quinta-feira as propostas apresentadas pelos partidos da oposi\u00e7\u00e3o para os propriet\u00e1rios que compraram casa desde 2012 deduzirem parte dos juros dos empr\u00e9stimos no IRS.    <\/p>\n<p>O parlamento rejeitou esta quinta-feira as propostas apresentadas pelos partidos da oposi\u00e7\u00e3o para os propriet\u00e1rios que compraram casa desde 2012 deduzirem parte dos juros dos empr\u00e9stimos no IRS.<\/p>\n<p>As iniciativas do PAN, Chega, PCP e BE de altera\u00e7\u00e3o \u00e0 proposta de Or\u00e7amento do Estado para 2026 (OE2026) foram chumbadas com o voto contra do PSD e CDS-PP e com a absten\u00e7\u00e3o do PS.<br \/>H\u00e1 v\u00e1rios or\u00e7amentos, desde os governos de Ant\u00f3nio Costa, que os partidos da oposi\u00e7\u00e3o defendem uma altera\u00e7\u00e3o \u00e0s regras do IRS para permitir que todos os propriet\u00e1rios possam deduzir \u00e0 coleta do IRS uma parte dos juros do cr\u00e9dito \u00e0 habita\u00e7\u00e3o pr\u00f3pria e permanente.<\/p>\n<p>Neste momento, persiste uma desigualdade entre contribuintes, uma vez que a dedu\u00e7\u00e3o de juros s\u00f3 \u00e9 poss\u00edvel para os propriet\u00e1rios que comparam casa at\u00e9 31 de dezembro de 2011, que podem deduzir anualmente 15% dos juros, at\u00e9 296 euros.<\/p>\n<p>Quem celebrou contrato a partir de 01 de janeiro de 2012 n\u00e3o pode deduzir qualquer valor.<\/p>\n<p>No OE2026, o PAN propunha deduzir os juros dos empr\u00e9stimos da habita\u00e7\u00e3o, sem restri\u00e7\u00f5es em fun\u00e7\u00e3o da data da compra da casa, mantendo o limite da dedu\u00e7\u00e3o nos 296 euros que j\u00e1 existem para quem comprou casa at\u00e9 2011.<\/p>\n<p>O Chega queria permitir a dedu\u00e7\u00e3o igualmente para todos, colocando o teto da dedu\u00e7\u00e3o em 600 euros.<\/p>\n<p>O partido apresentou uma segunda iniciativa id\u00eantica, mas para manter o teto nos atuais 296 euros j\u00e1 aplicados a quem comprou a casa at\u00e9 dezembro de 2011, medida que tamb\u00e9m rejeitada.<\/p>\n<p>Da mesma forma, o PCP pretendia permitir a dedu\u00e7\u00e3o sem restri\u00e7\u00f5es de data, fixando o montante m\u00e1ximo da dedu\u00e7\u00e3o em 350 euros.<\/p>\n<p>O BE tamb\u00e9m queria que a dedu\u00e7\u00e3o se aplicasse sem restri\u00e7\u00f5es em fun\u00e7\u00e3o da data de compra da casa e que o limite subisse para 360 euros.<\/p>\n","protected":false},"excerpt":{"rendered":"O parlamento rejeitou esta quinta-feira as propostas apresentadas pelos partidos da oposi\u00e7\u00e3o para os propriet\u00e1rios que compraram casa&hellip;\n","protected":false},"author":2,"featured_media":159804,"comment_status":"","ping_status":"","sticky":false,"template":"","format":"standard","meta":{"footnotes":""},"categories":[83],"tags":[88,89,90,4306,32,33],"class_list":{"0":"post-159803","1":"post","2":"type-post","3":"status-publish","4":"format-standard","5":"has-post-thumbnail","7":"category-empresas","8":"tag-business","9":"tag-economy","10":"tag-empresas","11":"tag-irs","12":"tag-portugal","13":"tag-pt"},"share_on_mastodon":{"url":"https:\/\/pubeurope.com\/@pt\/115587144970938658","error":""},"_links":{"self":[{"href":"https:\/\/www.europesays.com\/pt\/wp-json\/wp\/v2\/posts\/159803","targetHints":{"allow":["GET"]}}],"collection":[{"href":"https:\/\/www.europesays.com\/pt\/wp-json\/wp\/v2\/posts"}],"about":[{"href":"https:\/\/www.europesays.com\/pt\/wp-json\/wp\/v2\/types\/post"}],"author":[{"embeddable":true,"href":"https:\/\/www.europesays.com\/pt\/wp-json\/wp\/v2\/users\/2"}],"replies":[{"embeddable":true,"href":"https:\/\/www.europesays.com\/pt\/wp-json\/wp\/v2\/comments?post=159803"}],"version-history":[{"count":0,"href":"https:\/\/www.europesays.com\/pt\/wp-json\/wp\/v2\/posts\/159803\/revisions"}],"wp:featuredmedia":[{"embeddable":true,"href":"https:\/\/www.europesays.com\/pt\/wp-json\/wp\/v2\/media\/159804"}],"wp:attachment":[{"href":"https:\/\/www.europesays.com\/pt\/wp-json\/wp\/v2\/media?parent=159803"}],"wp:term":[{"taxonomy":"category","embeddable":true,"href":"https:\/\/www.europesays.com\/pt\/wp-json\/wp\/v2\/categories?post=159803"},{"taxonomy":"post_tag","embeddable":true,"href":"https:\/\/www.europesays.com\/pt\/wp-json\/wp\/v2\/tags?post=159803"}],"curies":[{"name":"wp","href":"https:\/\/api.w.org\/{rel}","templated":true}]}}