{"id":15981,"date":"2025-08-04T18:29:20","date_gmt":"2025-08-04T18:29:20","guid":{"rendered":"https:\/\/www.europesays.com\/pt\/15981\/"},"modified":"2025-08-04T18:29:20","modified_gmt":"2025-08-04T18:29:20","slug":"sonae-sgps-2o-semestre-e-sazonalmente-mais-forte","status":"publish","type":"post","link":"https:\/\/www.europesays.com\/pt\/15981\/","title":{"rendered":"Sonae SGPS: 2\u00ba semestre \u00e9 sazonalmente mais forte"},"content":{"rendered":"<p>\t\t\t\t<a href=\"https:\/\/borjaonstocks.com\/autor\/cesarborja\/\" rel=\"nofollow noopener\" target=\"_blank\"><br \/>\n\t\t\t\t\tC\u00e9sar Borja\t\t\t\t<\/a><\/p>\n<p class=\"jeg_author_desc\">\n\t\t\t\tEconomista estudioso do mercado de a\u00e7\u00f5es desde 1996. &#13;<br \/>\nCertified European Financial Analyst.&#13;<br \/>\n&#13;<br \/>\nAnalisa diariamente a\u00e7\u00f5es europeias e norte-americanas no Borja on Stocks, de forma a cumprir a sua miss\u00e3o de ajudar os investidores particulares em a\u00e7\u00f5es a obterem mais seguran\u00e7a e retorno nos seus investimentos.\t\t\t<\/p>\n","protected":false},"excerpt":{"rendered":"C\u00e9sar Borja Economista estudioso do mercado de a\u00e7\u00f5es desde 1996. &#13; Certified European Financial Analyst.&#13; &#13; Analisa diariamente&hellip;\n","protected":false},"author":2,"featured_media":15982,"comment_status":"","ping_status":"","sticky":false,"template":"","format":"standard","meta":{"footnotes":""},"categories":[83],"tags":[88,89,90,32,33],"class_list":{"0":"post-15981","1":"post","2":"type-post","3":"status-publish","4":"format-standard","5":"has-post-thumbnail","7":"category-empresas","8":"tag-business","9":"tag-economy","10":"tag-empresas","11":"tag-portugal","12":"tag-pt"},"share_on_mastodon":{"url":"","error":""},"_links":{"self":[{"href":"https:\/\/www.europesays.com\/pt\/wp-json\/wp\/v2\/posts\/15981","targetHints":{"allow":["GET"]}}],"collection":[{"href":"https:\/\/www.europesays.com\/pt\/wp-json\/wp\/v2\/posts"}],"about":[{"href":"https:\/\/www.europesays.com\/pt\/wp-json\/wp\/v2\/types\/post"}],"author":[{"embeddable":true,"href":"https:\/\/www.europesays.com\/pt\/wp-json\/wp\/v2\/users\/2"}],"replies":[{"embeddable":true,"href":"https:\/\/www.europesays.com\/pt\/wp-json\/wp\/v2\/comments?post=15981"}],"version-history":[{"count":0,"href":"https:\/\/www.europesays.com\/pt\/wp-json\/wp\/v2\/posts\/15981\/revisions"}],"wp:featuredmedia":[{"embeddable":true,"href":"https:\/\/www.europesays.com\/pt\/wp-json\/wp\/v2\/media\/15982"}],"wp:attachment":[{"href":"https:\/\/www.europesays.com\/pt\/wp-json\/wp\/v2\/media?parent=15981"}],"wp:term":[{"taxonomy":"category","embeddable":true,"href":"https:\/\/www.europesays.com\/pt\/wp-json\/wp\/v2\/categories?post=15981"},{"taxonomy":"post_tag","embeddable":true,"href":"https:\/\/www.europesays.com\/pt\/wp-json\/wp\/v2\/tags?post=15981"}],"curies":[{"name":"wp","href":"https:\/\/api.w.org\/{rel}","templated":true}]}}