{"id":159819,"date":"2025-11-21T10:32:11","date_gmt":"2025-11-21T10:32:11","guid":{"rendered":"https:\/\/www.europesays.com\/pt\/159819\/"},"modified":"2025-11-21T10:32:11","modified_gmt":"2025-11-21T10:32:11","slug":"incendio-em-mira-sintra-faz-um-morto-e-25-feridos-observador","status":"publish","type":"post","link":"https:\/\/www.europesays.com\/pt\/159819\/","title":{"rendered":"Inc\u00eandio em Mira-Sintra faz um morto e 25 feridos \u2013 Observador"},"content":{"rendered":"<p>Uma pessoa morreu e <strong>25 ficaram feridas<\/strong> num inc\u00eandio que deflagrou esta sexta-feira de madrugada num oitavo andar de um pr\u00e9dio em Mira-Sintra, no distrito de Lisboa, disse \u00e0 Lusa fonte da prote\u00e7\u00e3o civil, pelas 06h30.<\/p>\n<p>\u201cO inc\u00eandio deflagrou no oitavo andar de um pr\u00e9dio de nove andares. O fogo j\u00e1 foi extinto e <strong>a pessoa que estava desaparecida foi encontrada morta<\/strong>. O fogo causou tamb\u00e9m 25 feridos, dois dos quais agentes da PSP, tendo cinco sido transportados ao hospital. Todos por inala\u00e7\u00e3o de fumos\u201d, disse a fonte do Comando Sub-Regional da Grande Lisboa.<\/p>\n<p>O alerta para o inc\u00eandio foi dado \u00e0s 03h53. \u00c0s 07h15, permaneciam no local 31 operacionais dos bombeiros do Cac\u00e9m, Queluz e Algueir\u00e3o, equipas do INEM e 20 agentes da PSP, apoiados por 13 ve\u00edculos. O fogo ficou confinado ao 8.\u00ba andar.<\/p>\n<p>\u201cEncontr\u00e1mos uma pessoa confinada no interior da habita\u00e7\u00e3o e a m\u00e9dica da VMER confirmou o \u00f3bito no local\u201d, disse aos jornalistas o comandante dos Bombeiros de Agualva-Cac\u00e9m, Jo\u00e3o Raminhos, no ponto de situa\u00e7\u00e3o prestado no local.<\/p>\n<p>Segundo o comandante, as equipas foram acionadas \u00e0s 4h03, quando o inc\u00eandio apresentava \u201cgrande intensidade\u201d no 8.\u00ba piso, tendo sido retiradas 23 pessoas <strong>que j\u00e1 regressaram \u00e0s suas casas<\/strong>. Sete pessoas foram assistidas no local e cinco foram transportadas para o Hospital Amadora-Sintra \u2014 tr\u00eas civis e dois agentes da PSP \u2014 por inala\u00e7\u00e3o de fumos e \u201cdesgaste\u201d.<\/p>\n<p>O comandante afirmou que n\u00e3o pode divulgar mais informa\u00e7\u00f5es sobre a v\u00edtima mortal e que a fam\u00edlia da mesma j\u00e1 se encontra no local. De acordo com a SIC Not\u00edcias a v\u00edtima tinha 76 anos.<\/p>\n<p>\u201cLamentamos profundamente a perda de uma vida e deixamos as condol\u00eancias \u00e0 fam\u00edlia\u201d, disse o presidente da C\u00e2mara Municipal de Sintra, Marco Almeida, que agradeceu ainda \u201ca r\u00e1pida e fant\u00e1stica interven\u00e7\u00e3o\u201d dos Bombeiros de Agualva-Cac\u00e9m e dos agentes da PSP.<\/p>\n<p>Segundo o autarca, todas as pessoas que tinham sido levadas para o Hospital Amadora-Sintra <strong>\u201cj\u00e1 tiveram alta e est\u00e3o bem\u201d<\/strong>. Marco Almeida acrescentou que a PJ est\u00e1 a realizar \u201ca investiga\u00e7\u00e3o que se exige\u201d e reconheceu que voltar ao bairro onde cresceu \u201cnestas circunst\u00e2ncias\u201d \u00e9 particularmente penoso.<\/p>\n<p>A origem do inc\u00eandio continua por apurar. O apartamento onde deflagrou ficou <strong>\u201ccompletamente destru\u00eddo\u201d<\/strong>, sobretudo o quarto onde as chamas come\u00e7aram. As restantes fra\u00e7\u00f5es apresentam apenas danos de fumo.<\/p>\n<p>Not\u00edcia atualizada \u00e0s 10h25 com as declara\u00e7\u00f5es do presidente da C\u00e2mara Municipal de Sintra<\/p>\n","protected":false},"excerpt":{"rendered":"Uma pessoa morreu e 25 ficaram feridas num inc\u00eandio que deflagrou esta sexta-feira de madrugada num oitavo andar&hellip;\n","protected":false},"author":2,"featured_media":159820,"comment_status":"","ping_status":"","sticky":false,"template":"","format":"standard","meta":{"footnotes":""},"categories":[10],"tags":[59,27,28,15,16,14,2005,25,26,797,21,22,12,13,19,20,57,32,23,24,1432,33,2004,58,17,18,29,30,31],"class_list":{"0":"post-159819","1":"post","2":"type-post","3":"status-publish","4":"format-standard","5":"has-post-thumbnail","7":"category-portugal","8":"tag-acidente","9":"tag-breaking-news","10":"tag-breakingnews","11":"tag-featured-news","12":"tag-featurednews","13":"tag-headlines","14":"tag-incu00eandios","15":"tag-latest-news","16":"tag-latestnews","17":"tag-lisboa","18":"tag-main-news","19":"tag-mainnews","20":"tag-news","21":"tag-noticias","22":"tag-noticias-principais","23":"tag-noticiasprincipais","24":"tag-pau00eds","25":"tag-portugal","26":"tag-principais-noticias","27":"tag-principaisnoticias","28":"tag-proteu00e7u00e3o-civil","29":"tag-pt","30":"tag-seguranu00e7a","31":"tag-sociedade","32":"tag-top-stories","33":"tag-topstories","34":"tag-ultimas","35":"tag-ultimas-noticias","36":"tag-ultimasnoticias"},"share_on_mastodon":{"url":"https:\/\/pubeurope.com\/@pt\/115587235505547074","error":""},"_links":{"self":[{"href":"https:\/\/www.europesays.com\/pt\/wp-json\/wp\/v2\/posts\/159819","targetHints":{"allow":["GET"]}}],"collection":[{"href":"https:\/\/www.europesays.com\/pt\/wp-json\/wp\/v2\/posts"}],"about":[{"href":"https:\/\/www.europesays.com\/pt\/wp-json\/wp\/v2\/types\/post"}],"author":[{"embeddable":true,"href":"https:\/\/www.europesays.com\/pt\/wp-json\/wp\/v2\/users\/2"}],"replies":[{"embeddable":true,"href":"https:\/\/www.europesays.com\/pt\/wp-json\/wp\/v2\/comments?post=159819"}],"version-history":[{"count":0,"href":"https:\/\/www.europesays.com\/pt\/wp-json\/wp\/v2\/posts\/159819\/revisions"}],"wp:featuredmedia":[{"embeddable":true,"href":"https:\/\/www.europesays.com\/pt\/wp-json\/wp\/v2\/media\/159820"}],"wp:attachment":[{"href":"https:\/\/www.europesays.com\/pt\/wp-json\/wp\/v2\/media?parent=159819"}],"wp:term":[{"taxonomy":"category","embeddable":true,"href":"https:\/\/www.europesays.com\/pt\/wp-json\/wp\/v2\/categories?post=159819"},{"taxonomy":"post_tag","embeddable":true,"href":"https:\/\/www.europesays.com\/pt\/wp-json\/wp\/v2\/tags?post=159819"}],"curies":[{"name":"wp","href":"https:\/\/api.w.org\/{rel}","templated":true}]}}