{"id":159821,"date":"2025-11-21T10:33:39","date_gmt":"2025-11-21T10:33:39","guid":{"rendered":"https:\/\/www.europesays.com\/pt\/159821\/"},"modified":"2025-11-21T10:33:39","modified_gmt":"2025-11-21T10:33:39","slug":"ventura-com-mais-poder-e-mais-radical-como-sera-o-nosso-futuro-com-o-chega-oica-aqui-o-episodio-extra-de-entre-deus-e-o-diabo","status":"publish","type":"post","link":"https:\/\/www.europesays.com\/pt\/159821\/","title":{"rendered":"Ventura com mais poder \u00e9 mais radical: como ser\u00e1 o nosso futuro com o Chega? Oi\u00e7a aqui o epis\u00f3dio extra de &#8216;Entre Deus e o Diabo&#8217;"},"content":{"rendered":"<p>O jovem seminarista de Mem Martins tornou-se no l\u00edder do segundo maior partido no Parlamento e tem mais poder do que nunca. Agora, Andr\u00e9 Ventura volta a ser candidato presidencial.<\/p>\n<p>Numa metamorfose constante, sente o vento da opini\u00e3o p\u00fablica e radicaliza ainda mais o discurso para a frase dos \u201ctr\u00eas salazares\u201d, faz cartazes pol\u00e9micos para gerar ru\u00eddo, ataca Bel\u00e9m com um tom e uma agenda mais parecida aos cong\u00e9neres europeus da direita radical. Quem vota em Andr\u00e9 Ventura? O que \u00e9 verdadeiramente o Chega? No que pode transformar-se o pa\u00eds, se chegar ao poder?<\/p>\n<p>Neste <strong>epis\u00f3dio extra<\/strong> do podcast Entre Deus e o Diabo, fazemos um debate:<strong> a cientista pol\u00edtica Marina Costa Lobo tra\u00e7a o perfil dos eleitores, o jornalista Miguel Carvalho, autor do best-seller \u201cPor Dentro do Chega\u201d, conta o que \u00e9 o partido, e David Dinis, que lan\u00e7ou o livro \u201cComo proteger a democracia\u201d, projeta um futuro controlado por Andr\u00e9 Ventura.<\/strong> A narra\u00e7\u00e3o e a modera\u00e7\u00e3o \u00e9 de V\u00edtor Matos. <\/p>\n<p>Um retrato falado de Andr\u00e9 Ventura, sobre o caminho contradit\u00f3rio do l\u00edder do Chega para o extremismo pol\u00edtico. A narrativa, da autoria do jornalista do Expresso V\u00edtor Matos, conta a hist\u00f3ria de Andr\u00e9 antes do venturismo, um fura-vidas \u00e0 procura de uma oportunidade, e que ascende na Igreja, na academia e no coment\u00e1rio televisivo, at\u00e9 ceder \u00e0s tenta\u00e7\u00f5es da notoriedade e do populismo. Entre Deus e o Diabo, Como Andr\u00e9 se fez Ventura, \u00e9 um podcast narrativo de sete epis\u00f3dios. <\/p>\n<p><a href=\"https:\/\/multimedia.expresso.pt\/entredeuseodiabo\/\" target=\"_blank\" rel=\"noopener noreferrer nofollow\">Pode ouvi-lo aqui.<\/a><\/p>\n","protected":false},"excerpt":{"rendered":"O jovem seminarista de Mem Martins tornou-se no l\u00edder do segundo maior partido no Parlamento e tem mais&hellip;\n","protected":false},"author":2,"featured_media":159822,"comment_status":"","ping_status":"","sticky":false,"template":"","format":"standard","meta":{"footnotes":""},"categories":[8],"tags":[27,28,15,16,14,25,26,21,22,12,13,19,20,32,23,24,33,17,18,29,30,31],"class_list":{"0":"post-159821","1":"post","2":"type-post","3":"status-publish","4":"format-standard","5":"has-post-thumbnail","7":"category-principais-noticias","8":"tag-breaking-news","9":"tag-breakingnews","10":"tag-featured-news","11":"tag-featurednews","12":"tag-headlines","13":"tag-latest-news","14":"tag-latestnews","15":"tag-main-news","16":"tag-mainnews","17":"tag-news","18":"tag-noticias","19":"tag-noticias-principais","20":"tag-noticiasprincipais","21":"tag-portugal","22":"tag-principais-noticias","23":"tag-principaisnoticias","24":"tag-pt","25":"tag-top-stories","26":"tag-topstories","27":"tag-ultimas","28":"tag-ultimas-noticias","29":"tag-ultimasnoticias"},"share_on_mastodon":{"url":"https:\/\/pubeurope.com\/@pt\/115587239380203018","error":""},"_links":{"self":[{"href":"https:\/\/www.europesays.com\/pt\/wp-json\/wp\/v2\/posts\/159821","targetHints":{"allow":["GET"]}}],"collection":[{"href":"https:\/\/www.europesays.com\/pt\/wp-json\/wp\/v2\/posts"}],"about":[{"href":"https:\/\/www.europesays.com\/pt\/wp-json\/wp\/v2\/types\/post"}],"author":[{"embeddable":true,"href":"https:\/\/www.europesays.com\/pt\/wp-json\/wp\/v2\/users\/2"}],"replies":[{"embeddable":true,"href":"https:\/\/www.europesays.com\/pt\/wp-json\/wp\/v2\/comments?post=159821"}],"version-history":[{"count":0,"href":"https:\/\/www.europesays.com\/pt\/wp-json\/wp\/v2\/posts\/159821\/revisions"}],"wp:featuredmedia":[{"embeddable":true,"href":"https:\/\/www.europesays.com\/pt\/wp-json\/wp\/v2\/media\/159822"}],"wp:attachment":[{"href":"https:\/\/www.europesays.com\/pt\/wp-json\/wp\/v2\/media?parent=159821"}],"wp:term":[{"taxonomy":"category","embeddable":true,"href":"https:\/\/www.europesays.com\/pt\/wp-json\/wp\/v2\/categories?post=159821"},{"taxonomy":"post_tag","embeddable":true,"href":"https:\/\/www.europesays.com\/pt\/wp-json\/wp\/v2\/tags?post=159821"}],"curies":[{"name":"wp","href":"https:\/\/api.w.org\/{rel}","templated":true}]}}