{"id":159823,"date":"2025-11-21T10:34:19","date_gmt":"2025-11-21T10:34:19","guid":{"rendered":"https:\/\/www.europesays.com\/pt\/159823\/"},"modified":"2025-11-21T10:34:19","modified_gmt":"2025-11-21T10:34:19","slug":"morreu-gary-mounfield-ex-baixista-dos-the-stone-roses-tinha-63-anos-2","status":"publish","type":"post","link":"https:\/\/www.europesays.com\/pt\/159823\/","title":{"rendered":"Morreu Gary Mounfield, ex-baixista dos The Stone Roses. Tinha 63 anos"},"content":{"rendered":"<p>Morreu Gary &#8216;Mani&#8217; Mounfield, o ex-baixista das bandas The Stone Roses e Primal Scream com apenas 63 anos. <\/p>\n<p>A not\u00edcia foi divulgada pela sua fam\u00edlia atrav\u00e9s de uma partilha nas redes sociais esta quinta-feira, 20 de novembro.<\/p>\n<p>&#8220;\u00c9 com o cora\u00e7\u00e3o partido que informo que o meu irm\u00e3o faleceu&#8221;, escreveu Greg Mounfield, irm\u00e3o do artista, n\u00e3o adiantando a causa da morte.<\/p>\n<p>O m\u00fasico come\u00e7ou a sua carreira nos anos 80 e foi mesmo um dos fundadores da banda The Stone Roses. Fools Gold, I Am The Resurrection e Waterfall s\u00e3o algumas das m\u00fasicas mais conhecidas da banda que brilhou nos palcos entre 1983 e 1996 e, mais tarde, entre 2011 a 2017. <\/p>\n<p>Nesse interregno, entre 1996 e 2011, Gary entrou para a banda Primal Scream, conhecida por interpretar m\u00fasicas omo Country Girl e Movin&#8217; on Up.<\/p>\n<p>Na rede social X, Liam Gallagher, vocalista dos Oasis mostrou-se abalado pela not\u00edcia. <\/p>\n<p>&#8220;Em choque e absolutamente devastado ao saber da not\u00edcia sobre Mani, o meu her\u00f3i. Descansa em paz&#8221;, escreveu o cantor. <\/p>\n<p> Tamb\u00e9m Tim Burges, da banda brit\u00e2nica Charlatans, fez quest\u00e3o de partilhar no Instagram uma publica\u00e7\u00e3o de homenagem ao amigo e colega. &#8220;Publiquei esta foto h\u00e1 uma semana, no anivers\u00e1rio do Mani. Ela fazia-me sempre sorrir &#8211; e isso era exatamente o que acontecia com ele&#8221;.<\/p>\n<p>O artista era pai dos g\u00e9meos Gene Clark e George Christopher, de apenas 12 anos.<\/p>\n<p>Leia Tamb\u00e9m: <a href=\"https:\/\/www.noticiasaominuto.com\/fama\/2891804\/a-minha-mae-morreu-me-nos-bracos-a-saudade-fica-sempre\" target=\"_blank\" rel=\"noreferrer noopener nofollow\">S\u00f3nia Matias recorda a morte da m\u00e3e: &#8220;Morreu-me nos bra\u00e7os&#8221;<\/a><\/p>\n","protected":false},"excerpt":{"rendered":"Morreu Gary &#8216;Mani&#8217; Mounfield, o ex-baixista das bandas The Stone Roses e Primal Scream com apenas 63 anos.&hellip;\n","protected":false},"author":2,"featured_media":159824,"comment_status":"","ping_status":"","sticky":false,"template":"","format":"standard","meta":{"footnotes":""},"categories":[145],"tags":[211,210,114,115,32,33],"class_list":{"0":"post-159823","1":"post","2":"type-post","3":"status-publish","4":"format-standard","5":"has-post-thumbnail","7":"category-celebridades","8":"tag-celebridades","9":"tag-celebrities","10":"tag-entertainment","11":"tag-entretenimento","12":"tag-portugal","13":"tag-pt"},"share_on_mastodon":{"url":"https:\/\/pubeurope.com\/@pt\/115587243235268026","error":""},"_links":{"self":[{"href":"https:\/\/www.europesays.com\/pt\/wp-json\/wp\/v2\/posts\/159823","targetHints":{"allow":["GET"]}}],"collection":[{"href":"https:\/\/www.europesays.com\/pt\/wp-json\/wp\/v2\/posts"}],"about":[{"href":"https:\/\/www.europesays.com\/pt\/wp-json\/wp\/v2\/types\/post"}],"author":[{"embeddable":true,"href":"https:\/\/www.europesays.com\/pt\/wp-json\/wp\/v2\/users\/2"}],"replies":[{"embeddable":true,"href":"https:\/\/www.europesays.com\/pt\/wp-json\/wp\/v2\/comments?post=159823"}],"version-history":[{"count":0,"href":"https:\/\/www.europesays.com\/pt\/wp-json\/wp\/v2\/posts\/159823\/revisions"}],"wp:featuredmedia":[{"embeddable":true,"href":"https:\/\/www.europesays.com\/pt\/wp-json\/wp\/v2\/media\/159824"}],"wp:attachment":[{"href":"https:\/\/www.europesays.com\/pt\/wp-json\/wp\/v2\/media?parent=159823"}],"wp:term":[{"taxonomy":"category","embeddable":true,"href":"https:\/\/www.europesays.com\/pt\/wp-json\/wp\/v2\/categories?post=159823"},{"taxonomy":"post_tag","embeddable":true,"href":"https:\/\/www.europesays.com\/pt\/wp-json\/wp\/v2\/tags?post=159823"}],"curies":[{"name":"wp","href":"https:\/\/api.w.org\/{rel}","templated":true}]}}