{"id":159825,"date":"2025-11-21T10:37:19","date_gmt":"2025-11-21T10:37:19","guid":{"rendered":"https:\/\/www.europesays.com\/pt\/159825\/"},"modified":"2025-11-21T10:37:19","modified_gmt":"2025-11-21T10:37:19","slug":"em-data-especial-marco-costa-partilha-mensagem-emocionante-grita-em-silencio-todos-os-dias-secret-story","status":"publish","type":"post","link":"https:\/\/www.europesays.com\/pt\/159825\/","title":{"rendered":"Em data especial, Marco Costa partilha mensagem emocionante: \u00abGrita em sil\u00eancio todos os dias\u00bb &#8211; Secret Story"},"content":{"rendered":"<p data-end=\"561\" data-start=\"215\">Marco Costa voltou a abrir o cora\u00e7\u00e3o nas redes sociais ao partilhar uma sentida homenagem ao pai, assinalando os 17 anos desde a sua morte. O pasteleiro e figura p\u00fablica, publicou um story com uma fotografia antiga do seu pai acompanhada de um texto profundo e carregado de emo\u00e7\u00e3o.<\/p>\n<p data-end=\"809\" data-start=\"563\">Na mensagem, Marco admite que as palavras s\u00e3o insuficientes para descrever o peso da saudade. <strong>\u00abDizer que a saudade aperta \u00e9 pouco\u2026 \u00e9 uma aus\u00eancia que grita em sil\u00eancio todos os dias\u00bb<\/strong>, escreveu.<\/p>\n<p data-end=\"1172\" data-start=\"811\">O ex-concorrente da Casa dos Segredos recordou a dor de crescer sem o abra\u00e7o do pai, mas sublinhou que nunca esteve sem o seu exemplo: <strong>\u00abCresci sem o seu abra\u00e7o, mas com o seu exemplo cravado no peito.\u00bb<\/strong> Para Marco, o pai continua a ser <strong>\u00aba maior refer\u00eancia\u00bb<\/strong>, uma presen\u00e7a constante, ainda que invis\u00edvel. <strong>\u00abOnde quer que estejas, sei que olhas por mim\u00bb<\/strong>, escreveu.<\/p>\n<p data-end=\"1172\" data-start=\"811\"><img loading=\"lazy\" decoding=\"async\" alt=\"\" height=\"1776\" src=\"https:\/\/www.europesays.com\/pt\/wp-content\/uploads\/2025\/11\/1763721439_868_1000.webp\" width=\"1000\"\/><\/p>\n<p data-end=\"1460\" data-start=\"1174\">Apesar da carga emocional da data, Marco escolheu transformar a saudade em for\u00e7a.<strong> \u00abMais do que tristeza, escolho honrar-te com amor, com for\u00e7a, com tudo o que me ensinaste sem eu perceber\u00bb<\/strong>, afirmou, revelando que continua a tentar ser <strong>\u00abo homem que tu terias orgulho em chamar de filho\u00bb<\/strong>.<\/p>\n<p data-end=\"1809\" data-start=\"1462\">\u00a0<\/p>\n<blockquote class=\"instagram-media\" data-instgrm-captioned=\"\" data-instgrm-permalink=\"https:\/\/www.instagram.com\/p\/DQlpJe3jCqg\/?utm_source=ig_embed&amp;utm_campaign=loading\" data-instgrm-version=\"14\" style=\" background:#FFF; border:0; border-radius:3px; box-shadow:0 0 1px 0 rgba(0,0,0,0.5),0 1px 10px 0 rgba(0,0,0,0.15); margin: 1px; max-width:540px; min-width:326px; padding:0; width:99.375%; width:-webkit-calc(100% - 2px); width:calc(100% - 2px);\">\n<\/blockquote>\n<p>                        <script async src=\"\/\/www.instagram.com\/embed.js\"><\/script><\/p>\n","protected":false},"excerpt":{"rendered":"Marco Costa voltou a abrir o cora\u00e7\u00e3o nas redes sociais ao partilhar uma sentida homenagem ao pai, assinalando&hellip;\n","protected":false},"author":2,"featured_media":159826,"comment_status":"","ping_status":"","sticky":false,"template":"","format":"standard","meta":{"footnotes":""},"categories":[142],"tags":[18706,114,115,18705,3310,32,33,151,18704],"class_list":{"0":"post-159825","1":"post","2":"type-post","3":"status-publish","4":"format-standard","5":"has-post-thumbnail","7":"category-tv","8":"tag-bastidores-secret-story","9":"tag-entertainment","10":"tag-entretenimento","11":"tag-entrevistas-concorrentes-tvi","12":"tag-marco-costa","13":"tag-portugal","14":"tag-pt","15":"tag-tv","16":"tag-vida-fora-da-casa"},"share_on_mastodon":{"url":"https:\/\/pubeurope.com\/@pt\/115587255550415021","error":""},"_links":{"self":[{"href":"https:\/\/www.europesays.com\/pt\/wp-json\/wp\/v2\/posts\/159825","targetHints":{"allow":["GET"]}}],"collection":[{"href":"https:\/\/www.europesays.com\/pt\/wp-json\/wp\/v2\/posts"}],"about":[{"href":"https:\/\/www.europesays.com\/pt\/wp-json\/wp\/v2\/types\/post"}],"author":[{"embeddable":true,"href":"https:\/\/www.europesays.com\/pt\/wp-json\/wp\/v2\/users\/2"}],"replies":[{"embeddable":true,"href":"https:\/\/www.europesays.com\/pt\/wp-json\/wp\/v2\/comments?post=159825"}],"version-history":[{"count":0,"href":"https:\/\/www.europesays.com\/pt\/wp-json\/wp\/v2\/posts\/159825\/revisions"}],"wp:featuredmedia":[{"embeddable":true,"href":"https:\/\/www.europesays.com\/pt\/wp-json\/wp\/v2\/media\/159826"}],"wp:attachment":[{"href":"https:\/\/www.europesays.com\/pt\/wp-json\/wp\/v2\/media?parent=159825"}],"wp:term":[{"taxonomy":"category","embeddable":true,"href":"https:\/\/www.europesays.com\/pt\/wp-json\/wp\/v2\/categories?post=159825"},{"taxonomy":"post_tag","embeddable":true,"href":"https:\/\/www.europesays.com\/pt\/wp-json\/wp\/v2\/tags?post=159825"}],"curies":[{"name":"wp","href":"https:\/\/api.w.org\/{rel}","templated":true}]}}