{"id":159827,"date":"2025-11-21T10:38:08","date_gmt":"2025-11-21T10:38:08","guid":{"rendered":"https:\/\/www.europesays.com\/pt\/159827\/"},"modified":"2025-11-21T10:38:08","modified_gmt":"2025-11-21T10:38:08","slug":"rapper-papillon-edita-hoje-wonder-e-encerra-trilogia-iniciada-em-2018","status":"publish","type":"post","link":"https:\/\/www.europesays.com\/pt\/159827\/","title":{"rendered":"Rapper Papillon edita hoje &#8220;Wonder&#8221; e encerra trilogia iniciada em 2018"},"content":{"rendered":"<p>&#8220;Tentei criar algo inspirado na metamorfose da borboleta, porque Papillon \u00e9 borboleta em franc\u00eas&#8221;, disse o &#8216;rapper&#8217; em entrevista \u00e0 Lusa, sobre a trilogia de \u00e1lbuns, iniciada em 2018 com &#8220;Deepak Looper&#8221;, que encerra com &#8220;Wonder&#8221; e da qual faz tamb\u00e9m parte &#8220;Jony Driver&#8221;, editado em 2022.<\/p>\n<p>Esta &#8220;ideia conceptual&#8221; que foi desenvolvendo representa o seu &#8220;crescimento pessoal e art\u00edstico ao longo dos tempos&#8221;. &#8220;\u00c9 uma proposta criativa e uma ideia que eu queria partilhar com o mundo, acima de tudo&#8221;, referiu.<\/p>\n<p>&#8220;Wonder&#8221;, com 13 faixas, marca o final da trilogia, mas n\u00e3o necessariamente o final da &#8216;metamorfose&#8217; de Papillon.<\/p>\n<p>&#8220;Acho que o terceiro disco \u00e9 mais um convite, a tentar perceber se j\u00e1 cheg\u00e1mos a essa fase ou se ainda estamos no processo de evolu\u00e7\u00e3o. A fase da borboleta \u00e9 a fase final, a meta. Acho que o disco \u00e9 uma pergunta que fa\u00e7o a mim pr\u00f3prio e a que vou tentando responder ao mesmo tempo&#8221;, disse.<\/p>\n<p>Papillon continua numa busca, e &#8220;o convite a ouvir o \u00e1lbum \u00e9 exatamente isso&#8221;: &#8220;todos n\u00f3s fazermos um pouco essa reflex\u00e3o e percebermos em que fase \u00e9 que estamos dessa metamorfose&#8221;.<\/p>\n<p>&#8220;Wonder&#8221; \u00e9 tamb\u00e9m &#8220;n\u00e3o saber o que vem a seguir, mas ter essa curiosidade de explorar, de querer saber o que \u00e9 que vem a seguir&#8221;. &#8220;E de fazer isso com um brilho nos olhos e com vontade de fazer mais e melhor&#8221;, acrescentou.<\/p>\n<p>Antes de se aventurar a solo, Papillon fez parte do coletivo de rap GROGNation, que anunciou o final em 2022, ao fim de 11 anos de carreira.<\/p>\n<p>&#8220;A minha escola \u00e9 a escola do rap e eu comecei com coisas muito minimalistas, de uma escola de &#8216;boom bap&#8217;, com &#8216;loops&#8217; simples e batidas simples, e tudo o que eu queria era um espa\u00e7o para poder meter as minhas rimas, mostrar a minha &#8216;skill&#8217; de &#8216;flow&#8217;. Foi muito disso a minha escola, os primeiros anos de fazer m\u00fasica&#8221;, recordou.<\/p>\n<p>Com o passar dos anos, come\u00e7ou a gostar &#8220;das cores, de melodias, de criar can\u00e7\u00f5es&#8221;.<\/p>\n<p>&#8220;Ent\u00e3o comecei a ser um pouco mais atrevido, e o meu primeiro disco j\u00e1 foi esse primeiro passo de ser atrevido e audaz na busca por sonoridades diferentes&#8221;, partilhou.<\/p>\n<p>Desde a edi\u00e7\u00e3o de &#8220;Deepak Looper&#8221;, em 2018, sente que cresceu &#8220;muito&#8221;. &#8220;Conheci amigos na m\u00fasica, na estrada, colegas, malta super talentosa, com quem consegui aprender muita coisa ao longo do tempo. E tentei nas m\u00fasicas e com os projetos mostrar um pouco daquilo que fui aprendendo, principalmente a n\u00edvel vocal&#8221;, referiu.<\/p>\n<p>Embora seja &#8220;acima de tudo &#8216;rapper'&#8221;, Papillon sente que conseguiu &#8220;desenvolver bastante a capacidade de criar melodias e de fazer camadas de vozes e trazer harmonias, trabalhar os refr\u00f5es&#8221;.<\/p>\n<p>&#8220;Wonder&#8221; foi criado &#8220;com a inten\u00e7\u00e3o de ser mel\u00f3dico&#8221;, e grande parte dos temas surgiram de processos &#8220;muito minimalistas&#8221;: &#8220;guitarra, voz e tentar escrever a melhor can\u00e7\u00e3o poss\u00edvel com poucas coisas&#8221;.<\/p>\n<p>As convidadas &#8211; as cantoras B\u00e1rbara Tinoco e Carla Prata &#8212; entraram j\u00e1 com o disco, produzido com os g\u00e9meos GOIAS, Diogo P\u00farpura, Migs e Ariel, praticamente fechado.<\/p>\n<p>Em 20 de mar\u00e7o Papillon atua no Coliseu dos Recreios, em Lisboa, num &#8220;grande espet\u00e1culo&#8221; pensado para quem o acompanha desde 2018, mas tamb\u00e9m para &#8220;os que chegam agora com este disco&#8221;.<\/p>\n<p>&#8220;Que celebrem comigo este marco de poder pisar o Coliseu, que ser\u00e1 um sonho tornado realidade. Um dia m\u00e1gico \u00e9 o que quero que seja, um espet\u00e1culo que fa\u00e7a jus ao encanto que \u00e9 poder fazer m\u00fasica e partilh\u00e1-la com as pessoas&#8221;, disse.<\/p>\n<p>O concerto ainda est\u00e1 a ser preparado, mas Papillon j\u00e1 sabe que quer &#8220;tentar fazer um alinhamento com equil\u00edbrio entre as can\u00e7\u00f5es que as pessoas se habituaram a gostar e as do \u00e1lbum novo&#8221;.<\/p>\n<p>&#8220;O mesmo esfor\u00e7o e afinco que meto nos meus discos \u00e9 o que vou tentar fazer no Coliseu em mar\u00e7o&#8221;, referiu sobre o espet\u00e1culo, que ter\u00e1 convidados, mas cujos nomes n\u00e3o revela para j\u00e1.<\/p>\n<p>Ainda no \u00e2mbito da edi\u00e7\u00e3o de &#8220;Wonder&#8221;, Papillon disponibilizou na semana passada, na sua conta oficial na plataforma Youtube, a curta-metragem &#8220;Sonhos&#8221;, na qual s\u00e3o retratadas hist\u00f3rias que foi contando ao longo dos anos atrav\u00e9s da m\u00fasica.<\/p>\n<p>&#8220;\u00c9 um materializar de coisas que j\u00e1 fui dizendo no primeiro e no segundo disco. Essencialmente \u00e9 simb\u00f3lico, de viv\u00eancias minhas, coisas que passei&#8221;, referiu.<\/p>\n<p>Nos 30 minutos de filme est\u00e3o, por exemplo, retratados &#8220;o sonho de querer jogar futebol e ser impedido por les\u00f5es, por n\u00e3o ter a documenta\u00e7\u00e3o legal e n\u00e3o conseguir jogar, apenas treinar&#8221;, ou o processo de luto da morte do pai.<\/p>\n<p>&#8220;Foi tentar, simbolicamente, contar e fazer um resumo da hist\u00f3ria que nos trouxe at\u00e9 aqui, at\u00e9 este momento, e ao mesmo tempo brindar a pessoas que me acompanham desde o in\u00edcio, com a [partilha da] novidade que aconteceu na minha vida nos \u00faltimos anos e \u00e9 tamb\u00e9m uma das raz\u00f5es pela qual n\u00e3o fui t\u00e3o ativo a fazer m\u00fasicas&#8221;, partilhou.<\/p>\n<p>A &#8216;novidade&#8217; \u00e9 o filho, &#8220;uma prioridade nova&#8221; que tamb\u00e9m foi &#8220;fonte de inspira\u00e7\u00e3o&#8221; para o novo \u00e1lbum hoje editado.<\/p>\n<p>Leia Tamb\u00e9m: <a href=\"https:\/\/www.noticiasaominuto.com\/mundo\/2891695\/putin-assiste-a-danca-de-robo-humanoide-metam-a-minha-musica-preferida\" target=\"_blank\" rel=\"noreferrer noopener nofollow\">Putin assiste a dan\u00e7a de rob\u00f4 humanoide. &#8220;Metam a minha m\u00fasica preferida&#8221;<\/a><\/p>\n","protected":false},"excerpt":{"rendered":"&#8220;Tentei criar algo inspirado na metamorfose da borboleta, porque Papillon \u00e9 borboleta em franc\u00eas&#8221;, disse o &#8216;rapper&#8217; em&hellip;\n","protected":false},"author":2,"featured_media":159828,"comment_status":"","ping_status":"","sticky":false,"template":"","format":"standard","meta":{"footnotes":""},"categories":[141],"tags":[114,115,149,150,32,33],"class_list":{"0":"post-159827","1":"post","2":"type-post","3":"status-publish","4":"format-standard","5":"has-post-thumbnail","7":"category-musica","8":"tag-entertainment","9":"tag-entretenimento","10":"tag-music","11":"tag-musica","12":"tag-portugal","13":"tag-pt"},"share_on_mastodon":{"url":"https:\/\/pubeurope.com\/@pt\/115587259183647779","error":""},"_links":{"self":[{"href":"https:\/\/www.europesays.com\/pt\/wp-json\/wp\/v2\/posts\/159827","targetHints":{"allow":["GET"]}}],"collection":[{"href":"https:\/\/www.europesays.com\/pt\/wp-json\/wp\/v2\/posts"}],"about":[{"href":"https:\/\/www.europesays.com\/pt\/wp-json\/wp\/v2\/types\/post"}],"author":[{"embeddable":true,"href":"https:\/\/www.europesays.com\/pt\/wp-json\/wp\/v2\/users\/2"}],"replies":[{"embeddable":true,"href":"https:\/\/www.europesays.com\/pt\/wp-json\/wp\/v2\/comments?post=159827"}],"version-history":[{"count":0,"href":"https:\/\/www.europesays.com\/pt\/wp-json\/wp\/v2\/posts\/159827\/revisions"}],"wp:featuredmedia":[{"embeddable":true,"href":"https:\/\/www.europesays.com\/pt\/wp-json\/wp\/v2\/media\/159828"}],"wp:attachment":[{"href":"https:\/\/www.europesays.com\/pt\/wp-json\/wp\/v2\/media?parent=159827"}],"wp:term":[{"taxonomy":"category","embeddable":true,"href":"https:\/\/www.europesays.com\/pt\/wp-json\/wp\/v2\/categories?post=159827"},{"taxonomy":"post_tag","embeddable":true,"href":"https:\/\/www.europesays.com\/pt\/wp-json\/wp\/v2\/tags?post=159827"}],"curies":[{"name":"wp","href":"https:\/\/api.w.org\/{rel}","templated":true}]}}