{"id":159829,"date":"2025-11-21T10:39:14","date_gmt":"2025-11-21T10:39:14","guid":{"rendered":"https:\/\/www.europesays.com\/pt\/159829\/"},"modified":"2025-11-21T10:39:14","modified_gmt":"2025-11-21T10:39:14","slug":"edicao-inaugural-de-hq-do-heroi-e-vendida-por-valor-recorde","status":"publish","type":"post","link":"https:\/\/www.europesays.com\/pt\/159829\/","title":{"rendered":"Edi\u00e7\u00e3o inaugural de HQ do her\u00f3i \u00e9 vendida por valor recorde"},"content":{"rendered":"<p>  <img decoding=\"async\" src=\"https:\/\/cdn.ome.lt\/static\/omelete\/img\/loading.svg\" alt=\"\"\/><\/p>\n<p>  <img decoding=\"async\" class=\"article__cover__image\" data-lazy-src-mob=\"\/\/cdn.ome.lt\/ifZLObnDHuxjLRL6AjM2HU_f2rA=\/570x0\/smart\/filters:format(webp)\/uploads\/conteudo\/fotos\/02_fZPO6T5.webp\" data-lazy-src=\"https:\/\/cdn.ome.lt\/XYY18UF3Plk09ny2LG3A6Om7cS4=\/987x0\/smart\/filters:format(webp)\/uploads\/conteudo\/fotos\/02_fZPO6T5.webp\" src=\"data:image\/png;base64,iVBORw0KGgoAAAANSUhEUgAAAAEAAAABCAQAAAC1HAwCAAAAC0lEQVR42mNkYAAAAAYAAjCB0C8AAAAASUVORK5CYII=\" alt=\"Superman\" title=\"Superman\" width=\"987\" height=\"555\" fetchpriority=\"high\"\/><\/p>\n<p class=\"article__cover__credits\">\n  Cr\u00e9ditos da imagem:<br \/>\n  DC Comics\/Reprodu\u00e7\u00e3o\n<\/p>\n<p>Um exemplar de\u00a0<strong>Superman n\u00ba 1\u00a0<\/strong>&#8211; edi\u00e7\u00e3o inaugural da primeira HQ solo do Homem de A\u00e7o &#8211; tornou-se hoje (20) a revista em quadrinhos mais cara de todos os tempos, ap\u00f3s ser leiloada em evento organizado pela <strong>Heritage<\/strong>.<\/p>\n<p>De acordo com o portal The Hollywood Reporter, o comprador desembolsou US$ 9,12 milh\u00f5es &#8211; cerca de R$ 102,35 milh\u00f5es, na cota\u00e7\u00e3o atual &#8211; na aquisi\u00e7\u00e3o da obra impressa, datada de 1939.<\/p>\n<p>            Continua depois da Publicidade<\/p>\n<p>O recorde anterior pertencia a\u00a0<strong>Action Comics n\u00ba 1<\/strong>, a primeira revista da hist\u00f3ria a apresentar uma narrativa com o personagem Superman. Ela foi adquirida no ano passado, pelo valor US$ 6 milh\u00f5es.<\/p>\n<p>Na sequ\u00eancia desse\u00a0ranking, vem outro exemplar de Superman n\u00ba 1 &#8211; vendido em 2022 por US$ 5,3 milh\u00f5es &#8211; e um de\u00a0<strong>Amazing Fantasy n\u00ba 15\u00a0<\/strong>&#8211; que conteve a primeira apari\u00e7\u00e3o do Homem-Aranha e foi vendida por US$ 3,6 milh\u00f5es em 2021.<\/p>\n<p>Al\u00e9m da raridade, o exemplar rec\u00e9m-arrematado de Superman n\u00ba 1 surpreendeu por seu excelente estado de conserva\u00e7\u00e3o. Ele recebeu nota 9\/10 da<strong> Certified Guaranty Company<\/strong>, o principal servi\u00e7o independente de avalia\u00e7\u00e3o de quadrinhos.<\/p>\n<p>Antes da venda de hoje, o gibi pertencia a um grupo de tr\u00eas irm\u00e3os, que o descobriram em 2020 no s\u00f3t\u00e3o da casa de sua falecida m\u00e3e.<\/p>\n<p>            Continua depois da Publicidade<\/p>\n","protected":false},"excerpt":{"rendered":"Cr\u00e9ditos da imagem: DC Comics\/Reprodu\u00e7\u00e3o Um exemplar de\u00a0Superman n\u00ba 1\u00a0&#8211; edi\u00e7\u00e3o inaugural da primeira HQ solo do Homem&hellip;\n","protected":false},"author":2,"featured_media":159830,"comment_status":"","ping_status":"","sticky":false,"template":"","format":"standard","meta":{"footnotes":""},"categories":[140],"tags":[114,115,147,148,146,32,33],"class_list":{"0":"post-159829","1":"post","2":"type-post","3":"status-publish","4":"format-standard","5":"has-post-thumbnail","7":"category-filmes","8":"tag-entertainment","9":"tag-entretenimento","10":"tag-film","11":"tag-filmes","12":"tag-movies","13":"tag-portugal","14":"tag-pt"},"share_on_mastodon":{"url":"https:\/\/pubeurope.com\/@pt\/115587263255519366","error":""},"_links":{"self":[{"href":"https:\/\/www.europesays.com\/pt\/wp-json\/wp\/v2\/posts\/159829","targetHints":{"allow":["GET"]}}],"collection":[{"href":"https:\/\/www.europesays.com\/pt\/wp-json\/wp\/v2\/posts"}],"about":[{"href":"https:\/\/www.europesays.com\/pt\/wp-json\/wp\/v2\/types\/post"}],"author":[{"embeddable":true,"href":"https:\/\/www.europesays.com\/pt\/wp-json\/wp\/v2\/users\/2"}],"replies":[{"embeddable":true,"href":"https:\/\/www.europesays.com\/pt\/wp-json\/wp\/v2\/comments?post=159829"}],"version-history":[{"count":0,"href":"https:\/\/www.europesays.com\/pt\/wp-json\/wp\/v2\/posts\/159829\/revisions"}],"wp:featuredmedia":[{"embeddable":true,"href":"https:\/\/www.europesays.com\/pt\/wp-json\/wp\/v2\/media\/159830"}],"wp:attachment":[{"href":"https:\/\/www.europesays.com\/pt\/wp-json\/wp\/v2\/media?parent=159829"}],"wp:term":[{"taxonomy":"category","embeddable":true,"href":"https:\/\/www.europesays.com\/pt\/wp-json\/wp\/v2\/categories?post=159829"},{"taxonomy":"post_tag","embeddable":true,"href":"https:\/\/www.europesays.com\/pt\/wp-json\/wp\/v2\/tags?post=159829"}],"curies":[{"name":"wp","href":"https:\/\/api.w.org\/{rel}","templated":true}]}}