{"id":159835,"date":"2025-11-21T10:46:08","date_gmt":"2025-11-21T10:46:08","guid":{"rendered":"https:\/\/www.europesays.com\/pt\/159835\/"},"modified":"2025-11-21T10:46:08","modified_gmt":"2025-11-21T10:46:08","slug":"zelensky-diz-estar-disposto-a-negociar-plano-de-paz-dos-eua-guerra-na-ucrania","status":"publish","type":"post","link":"https:\/\/www.europesays.com\/pt\/159835\/","title":{"rendered":"Zelensky diz estar disposto a negociar plano de paz dos EUA | Guerra na Ucr\u00e2nia"},"content":{"rendered":"<p>O Presidente da Ucr\u00e2nia, Volodymyr Zelensky, disse que est\u00e1 disposto a negociar com o Presidente dos Estados Unidos, Donald Trump, um plano de paz que, segundo as linhas gerais divulgadas, ser\u00e1 muito favor\u00e1vel \u00e0 R\u00fassia.<\/p>\n<p>O pa\u00eds ir\u00e1 participar \u201cde forma construtiva, honesta e operacional\u201d, garantiu Zelensky, citado pelo New York Times.<\/p>\n<p>\u201cA Ucr\u00e2nia precisa de paz e a Ucr\u00e2nia vai fazer todos os poss\u00edveis para que ningu\u00e9m no mundo possa dizer que estamos a dificultar a diplomacia\u201d, afirmou o seu Presidente na quinta-feira \u00e0 noite. O pa\u00eds n\u00e3o vai fazer, por isso, declara\u00e7\u00f5es \u201cprecipitadas\u201d, cita o di\u00e1rio The Guardian.<\/p>\n<p>Mas acrescentou que a Ucr\u00e2nia tem \u201cuma posi\u00e7\u00e3o muito simples\u201d: que a paz conseguida por um acordo seja \u201cverdadeira, que n\u00e3o seja quebrada por uma terceira invas\u00e3o\u201d.<\/p>\n<p>O gabinete de Zelensky confirmou na quinta-feira ter recebido uma <a href=\"https:\/\/www.publico.pt\/2025\/11\/20\/mundo\/noticia\/europa-desconhece-plano-paz-russoamericano-lembra-ucrania-vitima-2155337\" rel=\"nofollow noopener\" target=\"_blank\">proposta de plano provis\u00f3ria<\/a>, preparada por respons\u00e1veis norte-americanos e russos, adiantando que o Presidente iria falar com Trump nos pr\u00f3ximos dias sobre \u201coportunidades diplom\u00e1ticas existentes e os principais pontos que s\u00e3o necess\u00e1rios para a paz\u201d.<\/p>\n<p>O <a href=\"https:\/\/www.publico.pt\/2025\/11\/19\/mundo\/noticia\/plano-paz-eua-ucrania-implica-perda-territorio-armamento-2155284\" rel=\"nofollow noopener\" target=\"_blank\">plano prev\u00ea<\/a> que a Ucr\u00e2nia cedesse \u00e1reas significativas do Donbass, no Leste da Ucr\u00e2nia, incluindo cerca de 20% ainda controlados pela Ucr\u00e2nia (al\u00e9m da Crimeia e Lugansk), reduza o seu Ex\u00e9rcito, recuse qualquer for\u00e7a internacional ocidental ap\u00f3s o fim da guerra e prometa n\u00e3o aderir \u00e0 NATO: propostas que j\u00e1 tinham sido anteriormente rejeitadas.<\/p>\n<p>O plano surgiu ap\u00f3s encontros entre o enviado especial dos EUA, Steve Witkoff, e o seu hom\u00f3logo russo Kirill Dmitriev, diz ainda a BBC. A Casa Branca rejeitou, no entanto, a afirma\u00e7\u00e3o de que a Ucr\u00e2nia n\u00e3o tivesse estado envolvida nas conversa\u00e7\u00f5es.<\/p>\n<p>A porta-voz da Casa Branca Karoline Leavitt afirmou que o plano proposto pelos Estados Unidos \u00e9 bom \u201ctanto para a R\u00fassia, como para a Ucr\u00e2nia\u201d, e que Kiev foi consultada. Disse que o plano n\u00e3o estava ainda finalizado.<\/p>\n<p>As reac\u00e7\u00f5es anteriores ao plano foram de cr\u00edtica. Respons\u00e1veis europeus e ucranianos usaram mesmo a palavra \u201ccapitula\u00e7\u00e3o\u201d.<\/p>\n<p>\u201cQueremos uma paz justa que respeite a soberania de todos, uma paz duradoura que n\u00e3o possa ser desafiada por agress\u00f5es no futuro\u201d, afirmou na quinta-feira o ministro dos Neg\u00f3cios Estrangeiros de Fran\u00e7a, Jean-No\u00ebl Barrot. \u201cMas a paz n\u00e3o pode ser uma capitula\u00e7\u00e3o. N\u00e3o queremos a capitula\u00e7\u00e3o da Ucr\u00e2nia\u201d, cita o Washington Post.<\/p>\n<p>\u201cPara [qualquer plano] funcionar, precisa de ter a Ucr\u00e2nia e os europeus\u201d presentes, disse pelo seu lado a chefe da diplomacia europeia, Kaja Kallas.<\/p>\n<p>\u201cH\u00e1 um agressor e uma v\u00edtima, e n\u00e3o ouvimos quaisquer concess\u00f5es do lado da R\u00fassia\u201d, criticou.<\/p>\n<p>O secret\u00e1rio do Conselho Nacional de Seguran\u00e7a e Defesa da Ucr\u00e2nia, Rustem Umerov, afirmou na aplica\u00e7\u00e3o Telegram que o pa\u00eds estava a \u201canalisar cuidadosamente todas as propostas, e esperamos a mesma considera\u00e7\u00e3o adequada pela posi\u00e7\u00e3o da Ucr\u00e2nia\u201d por parte dos seus parceiros, segundo a Reuters.<\/p>\n<p>Uma fonte sob anonimato disse \u00e0 ag\u00eancia noticiosa que os EUA planeavam informar os embaixadores da Uni\u00e3o Europeia sobre o plano nesta sexta-feira.<\/p>\n","protected":false},"excerpt":{"rendered":"O Presidente da Ucr\u00e2nia, Volodymyr Zelensky, disse que est\u00e1 disposto a negociar com o Presidente dos Estados Unidos,&hellip;\n","protected":false},"author":2,"featured_media":159836,"comment_status":"","ping_status":"","sticky":false,"template":"","format":"standard","meta":{"footnotes":""},"categories":[50],"tags":[27,28,92,235,445,15,16,889,14,25,26,21,22,62,12,13,19,20,23,24,839,17,18,840,29,30,31,636,2416,63,64,65],"class_list":{"0":"post-159835","1":"post","2":"type-post","3":"status-publish","4":"format-standard","5":"has-post-thumbnail","7":"category-mundo","8":"tag-breaking-news","9":"tag-breakingnews","10":"tag-donald-trump","11":"tag-estados-unidos","12":"tag-europa","13":"tag-featured-news","14":"tag-featurednews","15":"tag-guerra-na-ucrania","16":"tag-headlines","17":"tag-latest-news","18":"tag-latestnews","19":"tag-main-news","20":"tag-mainnews","21":"tag-mundo","22":"tag-news","23":"tag-noticias","24":"tag-noticias-principais","25":"tag-noticiasprincipais","26":"tag-principais-noticias","27":"tag-principaisnoticias","28":"tag-russia","29":"tag-top-stories","30":"tag-topstories","31":"tag-ucrania","32":"tag-ultimas","33":"tag-ultimas-noticias","34":"tag-ultimasnoticias","35":"tag-uniao-europeia","36":"tag-volodymyr-zelensky","37":"tag-world","38":"tag-world-news","39":"tag-worldnews"},"share_on_mastodon":{"url":"","error":"Validation failed: Text character limit of 500 exceeded"},"_links":{"self":[{"href":"https:\/\/www.europesays.com\/pt\/wp-json\/wp\/v2\/posts\/159835","targetHints":{"allow":["GET"]}}],"collection":[{"href":"https:\/\/www.europesays.com\/pt\/wp-json\/wp\/v2\/posts"}],"about":[{"href":"https:\/\/www.europesays.com\/pt\/wp-json\/wp\/v2\/types\/post"}],"author":[{"embeddable":true,"href":"https:\/\/www.europesays.com\/pt\/wp-json\/wp\/v2\/users\/2"}],"replies":[{"embeddable":true,"href":"https:\/\/www.europesays.com\/pt\/wp-json\/wp\/v2\/comments?post=159835"}],"version-history":[{"count":0,"href":"https:\/\/www.europesays.com\/pt\/wp-json\/wp\/v2\/posts\/159835\/revisions"}],"wp:featuredmedia":[{"embeddable":true,"href":"https:\/\/www.europesays.com\/pt\/wp-json\/wp\/v2\/media\/159836"}],"wp:attachment":[{"href":"https:\/\/www.europesays.com\/pt\/wp-json\/wp\/v2\/media?parent=159835"}],"wp:term":[{"taxonomy":"category","embeddable":true,"href":"https:\/\/www.europesays.com\/pt\/wp-json\/wp\/v2\/categories?post=159835"},{"taxonomy":"post_tag","embeddable":true,"href":"https:\/\/www.europesays.com\/pt\/wp-json\/wp\/v2\/tags?post=159835"}],"curies":[{"name":"wp","href":"https:\/\/api.w.org\/{rel}","templated":true}]}}