{"id":159838,"date":"2025-11-21T10:48:27","date_gmt":"2025-11-21T10:48:27","guid":{"rendered":"https:\/\/www.europesays.com\/pt\/159838\/"},"modified":"2025-11-21T10:48:27","modified_gmt":"2025-11-21T10:48:27","slug":"meio-seculo-depois-de-franco-muitos-dos-seus-vestigios-ainda-estao-por-limpar","status":"publish","type":"post","link":"https:\/\/www.europesays.com\/pt\/159838\/","title":{"rendered":"Meio s\u00e9culo depois de Franco, muitos dos seus vest\u00edgios ainda est\u00e3o por limpar"},"content":{"rendered":"<p>\u201cEspanha: 50 Anos de Liberdade\u201d \u00e9 o slogan escolhido pelo Governo progressista de Pedro S\u00e1nchez para comemorar uma data de grande significado na hist\u00f3ria do pa\u00eds vizinho: a morte de Francisco Franco a 20 de novembro de 1975, o fim da sua implac\u00e1vel ditadura de quase quarenta anos e a abertura da Transi\u00e7\u00e3o para a democracia, que Espanha percorreu num processo mundialmente admirado.<\/p>\n<p>O anivers\u00e1rio redondo coincide com um momento hist\u00f3rico marcado pela ascens\u00e3o generalizada de ideologias de extrema-direita, dominantes na mente do caudilho e dos que moldaram o seu regime; pelo descr\u00e9dito da monarquia, que Franco designou para garantir a sua continuidade na pessoa de Juan Carlos I; e pela plena integra\u00e7\u00e3o de Espanha, ap\u00f3s d\u00e9cadas de isolamento, na comunidade das na\u00e7\u00f5es mais avan\u00e7adas do mundo.<\/p>\n<p><a href=\"https:\/\/expresso.pt\/subscrever?action=GEN&amp;channel=VID&amp;type=CAP&amp;source=WEB&amp;returnUrl=https:\/\/expresso.pt\/internacional\/europa\/espanha\/2025-11-20-meio-seculo-depois-de-franco-muitos-dos-seus-vestigios-ainda-estao-por-limpar-06af4d43&amp;utm_source=expresso&amp;utm_medium=locked_article&amp;locked=true&amp;article_id=6e881a1e-98fa-4d0b-92d4-1d422e4cae62&amp;author_id=\u00c1ngel+Luis+de+la+Calle&amp;category=Espanha\" target=\"_self\" class=\"\" rel=\"nofollow noopener\">Subscrever<\/a>J\u00e1 \u00e9 Subscritor?Fa\u00e7a login e continue a ler<a href=\"http:\/\/expresso.pt\/codigo?redirectUrl=https:\/\/expresso.pt\/internacional\/europa\/espanha\/2025-11-20-meio-seculo-depois-de-franco-muitos-dos-seus-vestigios-ainda-estao-por-limpar-06af4d43\" target=\"_self\" class=\"\" rel=\"nofollow noopener\">Inserir C\u00f3digo<\/a>Comprou o Expresso?Insira o c\u00f3digo presente na Revista E para continuar a ler<\/p>\n","protected":false},"excerpt":{"rendered":"\u201cEspanha: 50 Anos de Liberdade\u201d \u00e9 o slogan escolhido pelo Governo progressista de Pedro S\u00e1nchez para comemorar uma&hellip;\n","protected":false},"author":2,"featured_media":159839,"comment_status":"","ping_status":"","sticky":false,"template":"","format":"standard","meta":{"footnotes":""},"categories":[8],"tags":[27,28,15,16,14,25,26,21,22,12,13,19,20,32,23,24,33,17,18,29,30,31],"class_list":{"0":"post-159838","1":"post","2":"type-post","3":"status-publish","4":"format-standard","5":"has-post-thumbnail","7":"category-principais-noticias","8":"tag-breaking-news","9":"tag-breakingnews","10":"tag-featured-news","11":"tag-featurednews","12":"tag-headlines","13":"tag-latest-news","14":"tag-latestnews","15":"tag-main-news","16":"tag-mainnews","17":"tag-news","18":"tag-noticias","19":"tag-noticias-principais","20":"tag-noticiasprincipais","21":"tag-portugal","22":"tag-principais-noticias","23":"tag-principaisnoticias","24":"tag-pt","25":"tag-top-stories","26":"tag-topstories","27":"tag-ultimas","28":"tag-ultimas-noticias","29":"tag-ultimasnoticias"},"share_on_mastodon":{"url":"https:\/\/pubeurope.com\/@pt\/115587298630177134","error":""},"_links":{"self":[{"href":"https:\/\/www.europesays.com\/pt\/wp-json\/wp\/v2\/posts\/159838","targetHints":{"allow":["GET"]}}],"collection":[{"href":"https:\/\/www.europesays.com\/pt\/wp-json\/wp\/v2\/posts"}],"about":[{"href":"https:\/\/www.europesays.com\/pt\/wp-json\/wp\/v2\/types\/post"}],"author":[{"embeddable":true,"href":"https:\/\/www.europesays.com\/pt\/wp-json\/wp\/v2\/users\/2"}],"replies":[{"embeddable":true,"href":"https:\/\/www.europesays.com\/pt\/wp-json\/wp\/v2\/comments?post=159838"}],"version-history":[{"count":0,"href":"https:\/\/www.europesays.com\/pt\/wp-json\/wp\/v2\/posts\/159838\/revisions"}],"wp:featuredmedia":[{"embeddable":true,"href":"https:\/\/www.europesays.com\/pt\/wp-json\/wp\/v2\/media\/159839"}],"wp:attachment":[{"href":"https:\/\/www.europesays.com\/pt\/wp-json\/wp\/v2\/media?parent=159838"}],"wp:term":[{"taxonomy":"category","embeddable":true,"href":"https:\/\/www.europesays.com\/pt\/wp-json\/wp\/v2\/categories?post=159838"},{"taxonomy":"post_tag","embeddable":true,"href":"https:\/\/www.europesays.com\/pt\/wp-json\/wp\/v2\/tags?post=159838"}],"curies":[{"name":"wp","href":"https:\/\/api.w.org\/{rel}","templated":true}]}}