{"id":159842,"date":"2025-11-21T10:52:09","date_gmt":"2025-11-21T10:52:09","guid":{"rendered":"https:\/\/www.europesays.com\/pt\/159842\/"},"modified":"2025-11-21T10:52:09","modified_gmt":"2025-11-21T10:52:09","slug":"em-dia-de-grande-risco-marisa-recebeu-missao-especial-da-voz-roubar-beijos-ao-pedro","status":"publish","type":"post","link":"https:\/\/www.europesays.com\/pt\/159842\/","title":{"rendered":"Em dia de grande risco, Marisa recebeu miss\u00e3o &#8220;especial&#8221; da Voz: &#8220;Roubar beijos ao Pedro&#8230;&#8221;"},"content":{"rendered":"<p>No mesmo dia em que o segredo com Pedro Jorge esteve \u00e0 merc\u00ea de ser descoberto pelos colegas, Marisa estava a desempenhar uma miss\u00e3o secreta que lhe foi proposta pela Voz no confession\u00e1rio.<\/p>\n<p>As imagens foram reveladas no programa \u2018\u00daltima Hora\u2019 do Secret Story 9 desta quinta-feira, 20 de novembro, e mostraram o desafio que a entidade soberana deu \u00e0 concorrente: \u201c<strong>Vou dar-lhe uma miss\u00e3o secreta especial, o<\/strong><strong>\u00a0desafio \u00e9 simples: roubar beijos ao Pedro em cinco divis\u00f5es diferentes da casa<\/strong>\u201c.<\/p>\n<p>Apesar do risco inerente \u00e0 miss\u00e3o, Marisa conseguiu desempenhar a tarefa e conheceu o resultado: \u201c<strong>N\u00e3o h\u00e1 d\u00favida de que foi uma miss\u00e3o arriscada. A sua miss\u00e3o foi bem-sucedida, mil euros ser\u00e3o depositados na sua conta<\/strong>\u201c.<\/p>\n<p><a href=\"https:\/\/tvi.iol.pt\/secretstory\/videos\/beijos-sem-fim-marisa-surpreende-pedro-com-missao-atrevida-pela-casa-fora\/691f5e4e0cf2c7eb24445575\" target=\"_blank\" rel=\"noopener nofollow\">Veja o v\u00eddeo aqui<\/a>.<\/p>\n","protected":false},"excerpt":{"rendered":"No mesmo dia em que o segredo com Pedro Jorge esteve \u00e0 merc\u00ea de ser descoberto pelos colegas,&hellip;\n","protected":false},"author":2,"featured_media":159843,"comment_status":"","ping_status":"","sticky":false,"template":"","format":"standard","meta":{"footnotes":""},"categories":[142],"tags":[31861,114,115,19184,34050,14646,21416,32,33,34051,151,3859],"class_list":{"0":"post-159842","1":"post","2":"type-post","3":"status-publish","4":"format-standard","5":"has-post-thumbnail","7":"category-tv","8":"tag-beijos","9":"tag-entertainment","10":"tag-entretenimento","11":"tag-marisa","12":"tag-missu00e3o","13":"tag-pedro","14":"tag-pedro-jorge","15":"tag-portugal","16":"tag-pt","17":"tag-roubar","18":"tag-tv","19":"tag-voz"},"share_on_mastodon":{"url":"https:\/\/pubeurope.com\/@pt\/115587314012342915","error":""},"_links":{"self":[{"href":"https:\/\/www.europesays.com\/pt\/wp-json\/wp\/v2\/posts\/159842","targetHints":{"allow":["GET"]}}],"collection":[{"href":"https:\/\/www.europesays.com\/pt\/wp-json\/wp\/v2\/posts"}],"about":[{"href":"https:\/\/www.europesays.com\/pt\/wp-json\/wp\/v2\/types\/post"}],"author":[{"embeddable":true,"href":"https:\/\/www.europesays.com\/pt\/wp-json\/wp\/v2\/users\/2"}],"replies":[{"embeddable":true,"href":"https:\/\/www.europesays.com\/pt\/wp-json\/wp\/v2\/comments?post=159842"}],"version-history":[{"count":0,"href":"https:\/\/www.europesays.com\/pt\/wp-json\/wp\/v2\/posts\/159842\/revisions"}],"wp:featuredmedia":[{"embeddable":true,"href":"https:\/\/www.europesays.com\/pt\/wp-json\/wp\/v2\/media\/159843"}],"wp:attachment":[{"href":"https:\/\/www.europesays.com\/pt\/wp-json\/wp\/v2\/media?parent=159842"}],"wp:term":[{"taxonomy":"category","embeddable":true,"href":"https:\/\/www.europesays.com\/pt\/wp-json\/wp\/v2\/categories?post=159842"},{"taxonomy":"post_tag","embeddable":true,"href":"https:\/\/www.europesays.com\/pt\/wp-json\/wp\/v2\/tags?post=159842"}],"curies":[{"name":"wp","href":"https:\/\/api.w.org\/{rel}","templated":true}]}}