{"id":159848,"date":"2025-11-21T10:56:12","date_gmt":"2025-11-21T10:56:12","guid":{"rendered":"https:\/\/www.europesays.com\/pt\/159848\/"},"modified":"2025-11-21T10:56:12","modified_gmt":"2025-11-21T10:56:12","slug":"mortes-por-doencas-do-aparelho-circulatorio-atingem-em-2023-valor-mais-baixo-dos-ultimos-30-anos","status":"publish","type":"post","link":"https:\/\/www.europesays.com\/pt\/159848\/","title":{"rendered":"Mortes por doen\u00e7as do aparelho circulat\u00f3rio atingem em 2023 valor mais baixo dos \u00faltimos 30 anos"},"content":{"rendered":"<p class=\"category\"><a href=\"https:\/\/sicnoticias.pt\/saude-e-bem-estar\" rel=\"nofollow noopener\" target=\"_blank\">Sa\u00fade e Bem-estar<\/a><\/p>\n<p>De acordo com um comunicado da DGS, houve uma redu\u00e7\u00e3o acentuada da taxa de mortalidade por doen\u00e7as cerebrovasculares e por enfarte agudo do mioc\u00e1rdio, tamb\u00e9m conhecido por ataque card\u00edaco, entre 2017 e 2023.<\/p>\n<p><img decoding=\"async\" src=\"https:\/\/www.europesays.com\/pt\/wp-content\/uploads\/2025\/11\/1763722572_441_original.webp\" alt=\"Mortes por doen\u00e7as do aparelho circulat\u00f3rio atingem em 2023 valor mais baixo dos \u00faltimos 30 anos\"\/><\/p>\n<p>Moyo Studio<\/p>\n<p><strong>O n\u00famero de mortes por doen\u00e7as do aparelho circulat\u00f3rio atingiu o valor mais baixo dos \u00faltimos 30 anos, em 2023, segundo dados revelados pela <\/strong><a href=\"https:\/\/www.dgs.pt\/\" target=\"_blank\" rel=\"noopener noreferrer nofollow\"><strong>Dire\u00e7\u00e3o-Geral da Sa\u00fade (DGS)<\/strong><\/a><strong>, esta sexta-feira.<\/strong><\/p>\n<blockquote><p>&#8220;Entre 2012 e 2023 registou-se uma redu\u00e7\u00e3o relevante da taxa de mortalidade por doen\u00e7as do aparelho circulat\u00f3rio, tendo a propor\u00e7\u00e3o de \u00f3bitos por estas doen\u00e7as atingido, em 2023, o valor mais baixo das \u00faltimas tr\u00eas d\u00e9cadas&#8221;, segundo a DGS.<\/p><\/blockquote>\n<p>De acordo com um comunicado da DGS, houve uma <strong>redu\u00e7\u00e3o acentuada da taxa de mortalidade por doen\u00e7as cerebrovasculares e por enfarte agudo do mioc\u00e1rdio,<\/strong> tamb\u00e9m conhecido por ataque card\u00edaco, entre 2017 e 2023.<\/p>\n<p>Nesses anos, o n\u00famero de internamentos por doen\u00e7as do aparelho circulat\u00f3rio tamb\u00e9m diminuiu, sobretudo nas hospitaliza\u00e7\u00f5es por insufici\u00eancia card\u00edaca (incapacidade do cora\u00e7\u00e3o bombear sangue para o corpo na quantidade necess\u00e1ria).<\/p>\n<p>No mesmo per\u00edodo, observou-se tamb\u00e9m uma melhoria consistente da mortalidade intra-hospitalar, em rela\u00e7\u00e3o ao enfarte agudo do mioc\u00e1rdio e no acidente vascular cerebral (AVC) isqu\u00e9mico, apelidado de &#8220;mini AVC&#8221;, que consiste num bloqueio tempor\u00e1rio e de curta dura\u00e7\u00e3o do fluxo sangu\u00edneo para o c\u00e9rebro ou medula espinhal, sem causar danos permanentes.<\/p>\n<p>Segundo a DGS, a redu\u00e7\u00e3o da mortalidade intra-hospitalar est\u00e1 associada a um <strong>aumento do acesso a terap\u00eauticas avan\u00e7adas de reperfus\u00e3o <\/strong>(interven\u00e7\u00e3o restauradora do fluxo sangu\u00edneo).<\/p>\n<p>Nos cuidados de sa\u00fade prim\u00e1rios, registaram-se <strong>&#8220;melhorias relevantes entre 2015 e 2024&#8221;,<\/strong> com um aumento da propor\u00e7\u00e3o de doentes com press\u00e3o arterial controlada, pessoas com diabetes com n\u00edveis de colesterol controlado.<\/p>\n<p>Entre 2015 e 2024, nos cuidados de sa\u00fade prim\u00e1rios, registou-se um aumento das consultas de cessa\u00e7\u00e3o tab\u00e1gica (processo de deixar de fumar), &#8220;sinalizando uma melhoria do controlo dos fatores de risco cardiovasculares&#8221;, segundo o comunicado.<\/p>\n<p>Os dados s\u00e3o divulgados no dia em que a DGS organiza o evento &#8220;Doen\u00e7as c\u00e9rebro e cardiovasculares em Portugal &#8211; Progresso cl\u00ednico e organizacional na \u00faltima d\u00e9cada&#8221;, atrav\u00e9s do Programa Nacional para as Doen\u00e7as C\u00e9rebro-Cardiovasculares, na Funda\u00e7\u00e3o Cidade de Lisboa.<\/p>\n","protected":false},"excerpt":{"rendered":"Sa\u00fade e Bem-estar De acordo com um comunicado da DGS, houve uma redu\u00e7\u00e3o acentuada da taxa de mortalidade&hellip;\n","protected":false},"author":2,"featured_media":159849,"comment_status":"","ping_status":"","sticky":false,"template":"","format":"standard","meta":{"footnotes":""},"categories":[86],"tags":[116,32,33,117],"class_list":{"0":"post-159848","1":"post","2":"type-post","3":"status-publish","4":"format-standard","5":"has-post-thumbnail","7":"category-saude","8":"tag-health","9":"tag-portugal","10":"tag-pt","11":"tag-saude"},"share_on_mastodon":{"url":"https:\/\/pubeurope.com\/@pt\/115587330135057040","error":""},"_links":{"self":[{"href":"https:\/\/www.europesays.com\/pt\/wp-json\/wp\/v2\/posts\/159848","targetHints":{"allow":["GET"]}}],"collection":[{"href":"https:\/\/www.europesays.com\/pt\/wp-json\/wp\/v2\/posts"}],"about":[{"href":"https:\/\/www.europesays.com\/pt\/wp-json\/wp\/v2\/types\/post"}],"author":[{"embeddable":true,"href":"https:\/\/www.europesays.com\/pt\/wp-json\/wp\/v2\/users\/2"}],"replies":[{"embeddable":true,"href":"https:\/\/www.europesays.com\/pt\/wp-json\/wp\/v2\/comments?post=159848"}],"version-history":[{"count":0,"href":"https:\/\/www.europesays.com\/pt\/wp-json\/wp\/v2\/posts\/159848\/revisions"}],"wp:featuredmedia":[{"embeddable":true,"href":"https:\/\/www.europesays.com\/pt\/wp-json\/wp\/v2\/media\/159849"}],"wp:attachment":[{"href":"https:\/\/www.europesays.com\/pt\/wp-json\/wp\/v2\/media?parent=159848"}],"wp:term":[{"taxonomy":"category","embeddable":true,"href":"https:\/\/www.europesays.com\/pt\/wp-json\/wp\/v2\/categories?post=159848"},{"taxonomy":"post_tag","embeddable":true,"href":"https:\/\/www.europesays.com\/pt\/wp-json\/wp\/v2\/tags?post=159848"}],"curies":[{"name":"wp","href":"https:\/\/api.w.org\/{rel}","templated":true}]}}