{"id":159854,"date":"2025-11-21T11:01:13","date_gmt":"2025-11-21T11:01:13","guid":{"rendered":"https:\/\/www.europesays.com\/pt\/159854\/"},"modified":"2025-11-21T11:01:13","modified_gmt":"2025-11-21T11:01:13","slug":"rede-criminosa-cobrava-e20-mil-por-pack-de-legalizacao-a-imigrantes-do-bangladesh","status":"publish","type":"post","link":"https:\/\/www.europesays.com\/pt\/159854\/","title":{"rendered":"Rede criminosa cobrava \u20ac20 mil por \u201cpack de legaliza\u00e7\u00e3o\u201d a imigrantes do Bangladesh"},"content":{"rendered":"<p>A rede que angariava imigrantes de forma massiva desde o in\u00edcio de 2022, e que tem vindo a ser desmantelada pela Pol\u00edcia Judici\u00e1\u00adria (PJ), cobraria entre \u20ac15 mil e \u20ac20 mil pelo \u201cpack de legaliza\u00e7\u00e3o\u201d a cada imigrante oriundo do Nepal ou do Bangladesh. <strong>Este \u201cpacote\u201d inclu\u00eda a obten\u00e7\u00e3o de contratos de trabalho, n\u00famero de identifica\u00e7\u00e3o fiscal (NIF), n\u00famero de identifica\u00e7\u00e3o de Seguran\u00e7a Social (NISS), n\u00famero nacional de utente do SNS (Servi\u00e7o Nacional de Sa\u00fade), Cart\u00e3o Europeu de Sa\u00fade, tradu\u00e7\u00e3o e certifica\u00e7\u00e3o de registos criminais, abertura de contas banc\u00e1rias, atestados de resid\u00eancia<\/strong>, entre outros.<\/p>\n<p><a href=\"https:\/\/expresso.pt\/subscrever?action=GEN&amp;channel=VID&amp;type=CAP&amp;source=WEB&amp;returnUrl=https:\/\/expresso.pt\/sociedade\/migracoes\/2025-11-20-rede-criminosa-cobrava-20-mil-por-pack-de-legalizacao-a-imigrantes-do-bangladesh-4e9b9306&amp;utm_source=expresso&amp;utm_medium=locked_article&amp;locked=true&amp;article_id=140b2118-bd75-4324-be24-8833830fba1b&amp;author_id=Hugo+Franco&amp;category=Migra\u00e7\u00f5es\" target=\"_self\" class=\"\" rel=\"nofollow noopener\">Subscrever<\/a>J\u00e1 \u00e9 Subscritor?Fa\u00e7a login e continue a ler<a href=\"http:\/\/expresso.pt\/codigo?redirectUrl=https:\/\/expresso.pt\/sociedade\/migracoes\/2025-11-20-rede-criminosa-cobrava-20-mil-por-pack-de-legalizacao-a-imigrantes-do-bangladesh-4e9b9306\" target=\"_self\" class=\"\" rel=\"nofollow noopener\">Inserir C\u00f3digo<\/a>Comprou o Expresso?Insira o c\u00f3digo presente na Revista E para continuar a ler<\/p>\n","protected":false},"excerpt":{"rendered":"A rede que angariava imigrantes de forma massiva desde o in\u00edcio de 2022, e que tem vindo a&hellip;\n","protected":false},"author":2,"featured_media":159855,"comment_status":"","ping_status":"","sticky":false,"template":"","format":"standard","meta":{"footnotes":""},"categories":[10],"tags":[27,28,15,16,14,25,26,21,22,12,13,19,20,32,23,24,33,17,18,29,30,31],"class_list":{"0":"post-159854","1":"post","2":"type-post","3":"status-publish","4":"format-standard","5":"has-post-thumbnail","7":"category-portugal","8":"tag-breaking-news","9":"tag-breakingnews","10":"tag-featured-news","11":"tag-featurednews","12":"tag-headlines","13":"tag-latest-news","14":"tag-latestnews","15":"tag-main-news","16":"tag-mainnews","17":"tag-news","18":"tag-noticias","19":"tag-noticias-principais","20":"tag-noticiasprincipais","21":"tag-portugal","22":"tag-principais-noticias","23":"tag-principaisnoticias","24":"tag-pt","25":"tag-top-stories","26":"tag-topstories","27":"tag-ultimas","28":"tag-ultimas-noticias","29":"tag-ultimasnoticias"},"share_on_mastodon":{"url":"https:\/\/pubeurope.com\/@pt\/115587349445260400","error":""},"_links":{"self":[{"href":"https:\/\/www.europesays.com\/pt\/wp-json\/wp\/v2\/posts\/159854","targetHints":{"allow":["GET"]}}],"collection":[{"href":"https:\/\/www.europesays.com\/pt\/wp-json\/wp\/v2\/posts"}],"about":[{"href":"https:\/\/www.europesays.com\/pt\/wp-json\/wp\/v2\/types\/post"}],"author":[{"embeddable":true,"href":"https:\/\/www.europesays.com\/pt\/wp-json\/wp\/v2\/users\/2"}],"replies":[{"embeddable":true,"href":"https:\/\/www.europesays.com\/pt\/wp-json\/wp\/v2\/comments?post=159854"}],"version-history":[{"count":0,"href":"https:\/\/www.europesays.com\/pt\/wp-json\/wp\/v2\/posts\/159854\/revisions"}],"wp:featuredmedia":[{"embeddable":true,"href":"https:\/\/www.europesays.com\/pt\/wp-json\/wp\/v2\/media\/159855"}],"wp:attachment":[{"href":"https:\/\/www.europesays.com\/pt\/wp-json\/wp\/v2\/media?parent=159854"}],"wp:term":[{"taxonomy":"category","embeddable":true,"href":"https:\/\/www.europesays.com\/pt\/wp-json\/wp\/v2\/categories?post=159854"},{"taxonomy":"post_tag","embeddable":true,"href":"https:\/\/www.europesays.com\/pt\/wp-json\/wp\/v2\/tags?post=159854"}],"curies":[{"name":"wp","href":"https:\/\/api.w.org\/{rel}","templated":true}]}}