{"id":159856,"date":"2025-11-21T11:03:08","date_gmt":"2025-11-21T11:03:08","guid":{"rendered":"https:\/\/www.europesays.com\/pt\/159856\/"},"modified":"2025-11-21T11:03:08","modified_gmt":"2025-11-21T11:03:08","slug":"nuno-markl-estavel-e-a-recuperar-no-hospital-apos-avc","status":"publish","type":"post","link":"https:\/\/www.europesays.com\/pt\/159856\/","title":{"rendered":"Nuno Markl &#8220;est\u00e1vel&#8221; e a recuperar no hospital ap\u00f3s AVC"},"content":{"rendered":"<p><strong>O apresentador e humorista Nuno Markl est\u00e1 &#8220;est\u00e1vel&#8221; e a recuperar no hospital S\u00e3o Francisco Xavier, em Lisboa, ap\u00f3s ter sofrido um acidente vascular cerebral (AVC) na quinta-feira. De acordo com Pedro Ribeiro, diretor da R\u00e1dio Comercial, Markl est\u00e1 &#8220;a receber os melhores cuidados&#8221;.<\/strong><\/p>\n<p>Durante a emiss\u00e3o do programa &#8220;Manh\u00e3s da Comercial&#8221;, Pedro Ribeiro lembrou que as &#8220;primeiras 48 horas s\u00e3o decisivas para perceber a extens\u00e3o dos danos e sequelas&#8221;.<\/p>\n<blockquote><p> &#8220;Mas essas primeiras horas destas 48 trazem bons indicadores. Estamos juntos nisso e estamos cheios de esperan\u00e7a. N\u00e3o vai passar de um grande susto.&#8221; <\/p><\/blockquote>\n<p>Pedro Ribeiro disse que a emiss\u00e3o desta sexta-feira &#8220;foi uma das mais dif\u00edceis&#8221;.<\/p>\n<p>Em comunicado enviado \u00e0s reda\u00e7\u00f5es, a Unidade Local de Sa\u00fade Lisboa Ocidental confirma que Nuno Markl continua internado no Hospital de S. Francisco Xavier.<\/p>\n<p>O humorista de 54 anos \u00e9 atualmente locutor na R\u00e1dio Comercial, tendo uma rubrica, de segunda-feira a sexta-feira, chamada <a href=\"https:\/\/radiocomercial.pt\/podcasts\/o-homem-que-mordeu-o-cao\" target=\"_blank\" rel=\"noreferrer noopener nofollow\">&#8220;O Homem Que Mordeu o C\u00e3o&#8221;<\/a>. A par do trabalho na r\u00e1dio, o locutor participa no programa televisivo &#8220;Taskmaster&#8221;, transmitido na RTP.<\/p>\n<p>\u201cO homem que mordeu o c\u00e3o\u201d e \u201cuma tipa fixe\u201d<\/p>\n<p><a href=\"https:\/\/sicnoticias.pt\/programas\/geracao-70\/2024-05-11-video-o-homem-que-mordeu-o-cao-e-uma-tipa-fixe-a-familia-a-infancia-e-os-receios-dos-irmaos-markl-04c49b8a\" target=\"_blank\" rel=\"noreferrer noopener nofollow\">Em maio de 2024, Markl foi um dos convidados, a par da irm\u00e3 Ana Markl, do podcast \u201cGera\u00e7\u00e3o 70\u201c do grupo Impresa<\/a>. Numa conversa conduzida por Bernardo Ferr\u00e3o, diretor de informa\u00e7\u00e3o da SIC e diretor da SIC Not\u00edcias, Nuno Markl recordou o processo revolucion\u00e1rio onde \u201ctudo era muito intenso\u201d. Em casa, o pai &#8220;zangava-se muito com os amigos por causa da pol\u00edtica&#8221; e hoje as pessoas est\u00e3o a zangar-se outra vez.<\/p>\n<p>Nessa conversa, Nuno e Ana recordaram ainda a inf\u00e2ncia marcada pela doen\u00e7a e morte da av\u00f3 mas tamb\u00e9m pelas discuss\u00f5es com o pai &#8211; o \u201cdono da televis\u00e3o\u201d &#8211; que n\u00e3o queria que vissem novelas.<\/p>\n","protected":false},"excerpt":{"rendered":"O apresentador e humorista Nuno Markl est\u00e1 &#8220;est\u00e1vel&#8221; e a recuperar no hospital S\u00e3o Francisco Xavier, em Lisboa,&hellip;\n","protected":false},"author":2,"featured_media":159857,"comment_status":"","ping_status":"","sticky":false,"template":"","format":"standard","meta":{"footnotes":""},"categories":[145],"tags":[211,210,114,115,32,33],"class_list":{"0":"post-159856","1":"post","2":"type-post","3":"status-publish","4":"format-standard","5":"has-post-thumbnail","7":"category-celebridades","8":"tag-celebridades","9":"tag-celebrities","10":"tag-entertainment","11":"tag-entretenimento","12":"tag-portugal","13":"tag-pt"},"share_on_mastodon":{"url":"https:\/\/pubeurope.com\/@pt\/115587357309388369","error":""},"_links":{"self":[{"href":"https:\/\/www.europesays.com\/pt\/wp-json\/wp\/v2\/posts\/159856","targetHints":{"allow":["GET"]}}],"collection":[{"href":"https:\/\/www.europesays.com\/pt\/wp-json\/wp\/v2\/posts"}],"about":[{"href":"https:\/\/www.europesays.com\/pt\/wp-json\/wp\/v2\/types\/post"}],"author":[{"embeddable":true,"href":"https:\/\/www.europesays.com\/pt\/wp-json\/wp\/v2\/users\/2"}],"replies":[{"embeddable":true,"href":"https:\/\/www.europesays.com\/pt\/wp-json\/wp\/v2\/comments?post=159856"}],"version-history":[{"count":0,"href":"https:\/\/www.europesays.com\/pt\/wp-json\/wp\/v2\/posts\/159856\/revisions"}],"wp:featuredmedia":[{"embeddable":true,"href":"https:\/\/www.europesays.com\/pt\/wp-json\/wp\/v2\/media\/159857"}],"wp:attachment":[{"href":"https:\/\/www.europesays.com\/pt\/wp-json\/wp\/v2\/media?parent=159856"}],"wp:term":[{"taxonomy":"category","embeddable":true,"href":"https:\/\/www.europesays.com\/pt\/wp-json\/wp\/v2\/categories?post=159856"},{"taxonomy":"post_tag","embeddable":true,"href":"https:\/\/www.europesays.com\/pt\/wp-json\/wp\/v2\/tags?post=159856"}],"curies":[{"name":"wp","href":"https:\/\/api.w.org\/{rel}","templated":true}]}}