{"id":159858,"date":"2025-11-21T11:06:33","date_gmt":"2025-11-21T11:06:33","guid":{"rendered":"https:\/\/www.europesays.com\/pt\/159858\/"},"modified":"2025-11-21T11:06:33","modified_gmt":"2025-11-21T11:06:33","slug":"desastre-confirmado-terceira-temporada-de-one-punch-man-quebra-recorde-pelo-pior-motivo-possivel","status":"publish","type":"post","link":"https:\/\/www.europesays.com\/pt\/159858\/","title":{"rendered":"Desastre confirmado: terceira temporada de One-Punch Man quebra recorde pelo pior motivo poss\u00edvel"},"content":{"rendered":"<p style=\"text-align: center;\"><img data-recalc-dims=\"1\" fetchpriority=\"high\" decoding=\"async\" class=\"alignnone size-full wp-image-519574\" src=\"https:\/\/www.europesays.com\/pt\/wp-content\/uploads\/2025\/11\/One-Punch-Man-3-op-screenshot.jpg\" alt=\"One-Punch Man 3 op screenshot\" width=\"696\" height=\"392\"  \/><\/p>\n<p>A terceira temporada de <strong>One-Punch Man<\/strong> continua a mergulhar em \u00e1guas cada vez mais profundas. O epis\u00f3dio 6, intitulado Motley Heroes, que estreou a 16 de novembro, estabeleceu um marco indesej\u00e1vel ao tornar-se o epis\u00f3dio anime com a pior classifica\u00e7\u00e3o de sempre no IMDb. Com uma avalia\u00e7\u00e3o que oscila entre 2.0 e 2.7 de 10 pontos, o epis\u00f3dio n\u00e3o apenas define um novo m\u00ednimo para a s\u00e9rie, mas tamb\u00e9m para a ind\u00fastria anime em geral.<\/p>\n<p>A queda vertiginosa da s\u00e9rie \u00e9 particularmente dolorosa quando se recorda que a primeira temporada, produzida pelo est\u00fadio <strong>Madhouse<\/strong> em 2015, foi aclamada pela sua anima\u00e7\u00e3o fluida e din\u00e2mica. O epis\u00f3dio melhor classificado da primeira temporada alcan\u00e7ou 9.5 pontos, enquanto o pior da segunda temporada registou 7.3. A temporada atual apresenta n\u00fameros dramaticamente diferentes: o epis\u00f3dio mais bem avaliado conseguiu apenas 5.2 pontos, e agora o sexto cap\u00edtulo quebra todos os recordes negativos.<\/p>\n<p><strong>Falhas t\u00e9cnicas evidentes exp\u00f5em problemas de produ\u00e7\u00e3o<\/strong><\/p>\n<p>Os problemas de anima\u00e7\u00e3o tornaram-se imposs\u00edveis de ignorar. Um dos erros mais evidentes ocorre numa cena em que Atomic Samurai fala com Puri-Puri Prisoner de costas para a c\u00e2mara. Se o brilho do ecr\u00e3 for aumentado, torna-se claramente vis\u00edvel que o topo do cabelo do her\u00f3i foi literalmente cortado pela equipa de anima\u00e7\u00e3o, algo que o fundo escuro tentava camuflar. Este tipo de descuido b\u00e1sico sublinha a falta de supervis\u00e3o e aten\u00e7\u00e3o ao detalhe.<\/p>\n<p>Ao longo da temporada, os deslizes multiplicaram-se. O design notoriamente feminino de King the Ripper e a cena estranha de Garou a descer uma encosta tornaram-se memes que circulam pelas redes sociais. O ritmo narrativo tamb\u00e9m sofre, com o epis\u00f3dio 6 a dedicar praticamente toda a sua dura\u00e7\u00e3o a personagens est\u00e1ticas a discutir estrat\u00e9gias, sem praticamente nenhuma anima\u00e7\u00e3o real. Cr\u00edticos e espectadores apontaram que existem cenas inteiras onde os l\u00e1bios das personagens nem sequer se movem, transformando o que deveria ser um anime de a\u00e7\u00e3o numa apresenta\u00e7\u00e3o de imagens fixas com vozes.<\/p>\n<p>A situa\u00e7\u00e3o \u00e9 ainda mais frustrante quando se considera que os f\u00e3s aguardaram seis anos desde o final da segunda temporada em 2019. Apesar do longo hiato, a produ\u00e7\u00e3o s\u00f3 come\u00e7ou efetivamente meses antes da estreia em outubro de 2025. O diretor <strong>Shinpei Nagai<\/strong> tentou implementar t\u00e9cnicas que combinavam anima\u00e7\u00e3o 3D e 2D para economizar tempo, mas o calend\u00e1rio apertado tornou imposs\u00edvel testar adequadamente estas abordagens.<\/p>\n<p>N\u00e3o faltaram avisos. O pr\u00f3prio diretor admitiu antes da estreia que a temporada n\u00e3o conseguiria igualar a qualidade da primeira. Ainda assim, ningu\u00e9m estava preparado para uma queda de qualidade t\u00e3o acentuada. O produtor Atsushi Fujishiro, da J.C. Staff, prometera uma produ\u00e7\u00e3o \u00e0 altura das expectativas, mas a realidade revelou-se muito diferente.<\/p>\n<blockquote class=\"wp-embedded-content\" data-secret=\"iaoC0at8og\">\n<p><a href=\"https:\/\/www.otakupt.com\/anime\/diretor-de-one-punch-man-3-abandona-redes-sociais-apos-assedio-de-fas\/\" rel=\"nofollow noopener\" target=\"_blank\">Diretor de One-Punch Man 3 abandona redes sociais ap\u00f3s ass\u00e9dio de f\u00e3s<\/a><\/p>\n<\/blockquote>\n<p>\u00a0<\/p>\n<p><strong>Debate sobre responsabilidade divide comunidade<\/strong><\/p>\n<p>O animador franc\u00eas Vincent Chansard, conhecido pelo seu trabalho em One Piece, ofereceu uma perspetiva importante sobre a controv\u00e9rsia. Segundo o profissional, o problema n\u00e3o reside apenas no est\u00fadio J.C. Staff, mas numa ind\u00fastria que prioriza calend\u00e1rios imposs\u00edveis em vez de qualidade. Os animadores enfrentam prazos absurdos impostos por comit\u00e9s de investidores, com pouca autonomia criativa e recursos limitados.<\/p>\n<p>As redes sociais explodiram com rea\u00e7\u00f5es dos espectadores. Muitos descreveram o epis\u00f3dio como vinte minutos de bocas a mexer e mon\u00f3logos internos, com di\u00e1logos desinteressantes e praticamente nenhuma anima\u00e7\u00e3o. O arco da Associa\u00e7\u00e3o de Monstros, considerado um dos melhores do mang\u00e1 de Yusuke Murata, merecia uma adapta\u00e7\u00e3o \u00e9pica mas est\u00e1 a receber um tratamento que alguns comparam ao desastroso Berserk de 2016.<\/p>\n<p>A classifica\u00e7\u00e3o continua a descer \u00e0 medida que mais espectadores votam no epis\u00f3dio. Alguns f\u00e3s pedem que a produ\u00e7\u00e3o seja transferida para est\u00fadios como MAPPA, Bones ou Ufotable, enquanto outros exigem que a Bandai Namco pe\u00e7a desculpas aos criadores originais ONE e Murata.<\/p>\n<p>Resta saber se os pr\u00f3ximos epis\u00f3dios conseguir\u00e3o reverter esta tend\u00eancia. Com batalhas importantes do arco ainda por adaptar, existe a possibilidade de a J.C. Staff ter investido mais recursos nos confrontos principais. No entanto, dado o padr\u00e3o estabelecido at\u00e9 agora, essa esperan\u00e7a parece cada vez mais t\u00e9nue. A s\u00e9rie que redefiniu anime de a\u00e7\u00e3o em 2015 agora luta para recuperar nem que seja uma fra\u00e7\u00e3o da sua antiga gl\u00f3ria.<\/p>\n","protected":false},"excerpt":{"rendered":"A terceira temporada de One-Punch Man continua a mergulhar em \u00e1guas cada vez mais profundas. O epis\u00f3dio 6,&hellip;\n","protected":false},"author":2,"featured_media":159859,"comment_status":"","ping_status":"","sticky":false,"template":"","format":"standard","meta":{"footnotes":""},"categories":[142],"tags":[114,115,32,33,151],"class_list":{"0":"post-159858","1":"post","2":"type-post","3":"status-publish","4":"format-standard","5":"has-post-thumbnail","7":"category-tv","8":"tag-entertainment","9":"tag-entretenimento","10":"tag-portugal","11":"tag-pt","12":"tag-tv"},"share_on_mastodon":{"url":"https:\/\/pubeurope.com\/@pt\/115587369485499024","error":""},"_links":{"self":[{"href":"https:\/\/www.europesays.com\/pt\/wp-json\/wp\/v2\/posts\/159858","targetHints":{"allow":["GET"]}}],"collection":[{"href":"https:\/\/www.europesays.com\/pt\/wp-json\/wp\/v2\/posts"}],"about":[{"href":"https:\/\/www.europesays.com\/pt\/wp-json\/wp\/v2\/types\/post"}],"author":[{"embeddable":true,"href":"https:\/\/www.europesays.com\/pt\/wp-json\/wp\/v2\/users\/2"}],"replies":[{"embeddable":true,"href":"https:\/\/www.europesays.com\/pt\/wp-json\/wp\/v2\/comments?post=159858"}],"version-history":[{"count":0,"href":"https:\/\/www.europesays.com\/pt\/wp-json\/wp\/v2\/posts\/159858\/revisions"}],"wp:featuredmedia":[{"embeddable":true,"href":"https:\/\/www.europesays.com\/pt\/wp-json\/wp\/v2\/media\/159859"}],"wp:attachment":[{"href":"https:\/\/www.europesays.com\/pt\/wp-json\/wp\/v2\/media?parent=159858"}],"wp:term":[{"taxonomy":"category","embeddable":true,"href":"https:\/\/www.europesays.com\/pt\/wp-json\/wp\/v2\/categories?post=159858"},{"taxonomy":"post_tag","embeddable":true,"href":"https:\/\/www.europesays.com\/pt\/wp-json\/wp\/v2\/tags?post=159858"}],"curies":[{"name":"wp","href":"https:\/\/api.w.org\/{rel}","templated":true}]}}