{"id":159860,"date":"2025-11-21T11:07:09","date_gmt":"2025-11-21T11:07:09","guid":{"rendered":"https:\/\/www.europesays.com\/pt\/159860\/"},"modified":"2025-11-21T11:07:09","modified_gmt":"2025-11-21T11:07:09","slug":"skunk-anansie-confirmados-no-nos-alive","status":"publish","type":"post","link":"https:\/\/www.europesays.com\/pt\/159860\/","title":{"rendered":"Skunk Anansie confirmados no NOS Alive"},"content":{"rendered":"<p>Os<strong> Skunk Anansie<\/strong> s\u00e3o a nova confirma\u00e7\u00e3o do <strong>NOS Alive<\/strong>.<\/p>\n<p>A banda brit\u00e2nica, liderada pela vocalista <strong>Skin<\/strong>, atua no dia <strong>10 de julho, no palco NOS<\/strong>.<\/p>\n<p>Este ano, os Skunk Anansie apresentaram-se ao vivo <strong>no Porto, em Lisboa e no Barrelas Summer Fest<\/strong>.<\/p>\n<p>Estes s\u00e3o os<strong> nomes confirmados no NOS Alive 2026<\/strong> at\u00e9 agora:<\/p>\n<p style=\"text-align: start;\"><strong>9 de julho<\/strong><br \/><strong>Palco NOS<\/strong><br \/>Nick Cave &amp; The Bad Seeds<br \/>Twenty One Pilots<br \/>A Perfect Circle<\/p>\n<p><strong>Palco Heineken<\/strong><br \/>Matt Berninger<br \/>Dogstar<br \/>Alabama Shakes<\/p>\n<p><strong>10 de julho<\/strong><br \/><strong>Palco NOS<\/strong><br \/>Foo Fighters<br \/>Wolf Alice<br \/>The Warning<\/p>\n<p><strong>Palco Heineken<\/strong><br \/>Jehnny Beth<br \/>Zara Larsson<br \/>The War on Drugs<br \/>Palaye Royale<\/p>\n<p><strong>WTF Clubbing<\/strong><br \/>SBTRKT (DJ set)<br \/>Digitalism<br \/>Fiona Kraft<br \/>Chris Luno<br \/>La Fleur<br \/>Stresshead<\/p>\n<p><strong>11 de julho<\/strong><br \/><strong>Palco NOS<\/strong><br \/>Florence + The Machine<br \/>Buraka Som Sistema<br \/>Lorde<br \/>Teddy Swims<\/p>\n<p><strong>Palco Heineken<\/strong><br \/>Pixies<br \/>Florence Road<\/p>\n","protected":false},"excerpt":{"rendered":"Os Skunk Anansie s\u00e3o a nova confirma\u00e7\u00e3o do NOS Alive. A banda brit\u00e2nica, liderada pela vocalista Skin, atua&hellip;\n","protected":false},"author":2,"featured_media":159861,"comment_status":"","ping_status":"","sticky":false,"template":"","format":"standard","meta":{"footnotes":""},"categories":[141],"tags":[114,115,149,150,32,33],"class_list":{"0":"post-159860","1":"post","2":"type-post","3":"status-publish","4":"format-standard","5":"has-post-thumbnail","7":"category-musica","8":"tag-entertainment","9":"tag-entretenimento","10":"tag-music","11":"tag-musica","12":"tag-portugal","13":"tag-pt"},"share_on_mastodon":{"url":"https:\/\/pubeurope.com\/@pt\/115587373089091564","error":""},"_links":{"self":[{"href":"https:\/\/www.europesays.com\/pt\/wp-json\/wp\/v2\/posts\/159860","targetHints":{"allow":["GET"]}}],"collection":[{"href":"https:\/\/www.europesays.com\/pt\/wp-json\/wp\/v2\/posts"}],"about":[{"href":"https:\/\/www.europesays.com\/pt\/wp-json\/wp\/v2\/types\/post"}],"author":[{"embeddable":true,"href":"https:\/\/www.europesays.com\/pt\/wp-json\/wp\/v2\/users\/2"}],"replies":[{"embeddable":true,"href":"https:\/\/www.europesays.com\/pt\/wp-json\/wp\/v2\/comments?post=159860"}],"version-history":[{"count":0,"href":"https:\/\/www.europesays.com\/pt\/wp-json\/wp\/v2\/posts\/159860\/revisions"}],"wp:featuredmedia":[{"embeddable":true,"href":"https:\/\/www.europesays.com\/pt\/wp-json\/wp\/v2\/media\/159861"}],"wp:attachment":[{"href":"https:\/\/www.europesays.com\/pt\/wp-json\/wp\/v2\/media?parent=159860"}],"wp:term":[{"taxonomy":"category","embeddable":true,"href":"https:\/\/www.europesays.com\/pt\/wp-json\/wp\/v2\/categories?post=159860"},{"taxonomy":"post_tag","embeddable":true,"href":"https:\/\/www.europesays.com\/pt\/wp-json\/wp\/v2\/tags?post=159860"}],"curies":[{"name":"wp","href":"https:\/\/api.w.org\/{rel}","templated":true}]}}