{"id":159862,"date":"2025-11-21T11:08:15","date_gmt":"2025-11-21T11:08:15","guid":{"rendered":"https:\/\/www.europesays.com\/pt\/159862\/"},"modified":"2025-11-21T11:08:15","modified_gmt":"2025-11-21T11:08:15","slug":"vivo-ou-morto-sequencia-ganha-posteres-de-personagens-confira","status":"publish","type":"post","link":"https:\/\/www.europesays.com\/pt\/159862\/","title":{"rendered":"Vivo ou Morto | Sequ\u00eancia ganha p\u00f4steres de personagens; confira"},"content":{"rendered":"<p>A <strong>Netflix<\/strong> revelou hoje (20) os p\u00f4steres oficiais dos personagens de <strong>Vivo ou Morto: Um Mist\u00e9rio Knives Out<\/strong>, o terceiro filme da franquia iniciada com Entre Facas e Segredos. Veja abaixo:<\/p>\n<p>            Continua depois da Publicidade<\/p>\n<p>    Tudo sobre Vivo ou Morto: Um Mist\u00e9rio Knives Out<\/p>\n<p>O novo\u00a0Knives Out\u00a0conta com o retorno de\u00a0Daniel Craig\u00a0no papel do detetive Benoit Blanc, e do diretor\/roteirista\u00a0Rian Johnson, respons\u00e1vel pela franquia desde o primeiro longa,\u00a0Entre Facas e Segredos,\u00a0de 2019.<\/p>\n<p>O segundo filme,\u00a0Glass Onion, veio em 2022 na Netlix, que pagou centenas de milh\u00f5es a Craig e Johnson pelos direitos da s\u00e9rie, que \u00e9 inspirada nos contos de Agatha Christie. Em cada um, Blanc se depara com um novo homic\u00eddio misterioso e precisa resolv\u00ea-lo.<\/p>\n<p>Os filmes contam sempre com grande elenco.\u00a0Entre Facas e Segredos\u00a0contou com Ana de Armas, Michael Shannon, Jamie Lee Curtis, Toni Collette, Christopher Plummer e outros, enquanto\u00a0Glass Onion\u00a0teve Edward Norton, Dave Bautista, Ethan Hawke, Kate Hudson, Madelyn Cline, Janelle Mon\u00e1e e Hugh Grant.<\/p>\n<p>            Continua depois da Publicidade<\/p>\n","protected":false},"excerpt":{"rendered":"A Netflix revelou hoje (20) os p\u00f4steres oficiais dos personagens de Vivo ou Morto: Um Mist\u00e9rio Knives Out,&hellip;\n","protected":false},"author":2,"featured_media":159863,"comment_status":"","ping_status":"","sticky":false,"template":"","format":"standard","meta":{"footnotes":""},"categories":[140],"tags":[114,115,147,148,146,32,33],"class_list":{"0":"post-159862","1":"post","2":"type-post","3":"status-publish","4":"format-standard","5":"has-post-thumbnail","7":"category-filmes","8":"tag-entertainment","9":"tag-entretenimento","10":"tag-film","11":"tag-filmes","12":"tag-movies","13":"tag-portugal","14":"tag-pt"},"share_on_mastodon":{"url":"https:\/\/pubeurope.com\/@pt\/115587377140163204","error":""},"_links":{"self":[{"href":"https:\/\/www.europesays.com\/pt\/wp-json\/wp\/v2\/posts\/159862","targetHints":{"allow":["GET"]}}],"collection":[{"href":"https:\/\/www.europesays.com\/pt\/wp-json\/wp\/v2\/posts"}],"about":[{"href":"https:\/\/www.europesays.com\/pt\/wp-json\/wp\/v2\/types\/post"}],"author":[{"embeddable":true,"href":"https:\/\/www.europesays.com\/pt\/wp-json\/wp\/v2\/users\/2"}],"replies":[{"embeddable":true,"href":"https:\/\/www.europesays.com\/pt\/wp-json\/wp\/v2\/comments?post=159862"}],"version-history":[{"count":0,"href":"https:\/\/www.europesays.com\/pt\/wp-json\/wp\/v2\/posts\/159862\/revisions"}],"wp:featuredmedia":[{"embeddable":true,"href":"https:\/\/www.europesays.com\/pt\/wp-json\/wp\/v2\/media\/159863"}],"wp:attachment":[{"href":"https:\/\/www.europesays.com\/pt\/wp-json\/wp\/v2\/media?parent=159862"}],"wp:term":[{"taxonomy":"category","embeddable":true,"href":"https:\/\/www.europesays.com\/pt\/wp-json\/wp\/v2\/categories?post=159862"},{"taxonomy":"post_tag","embeddable":true,"href":"https:\/\/www.europesays.com\/pt\/wp-json\/wp\/v2\/tags?post=159862"}],"curies":[{"name":"wp","href":"https:\/\/api.w.org\/{rel}","templated":true}]}}