{"id":159868,"date":"2025-11-21T11:11:56","date_gmt":"2025-11-21T11:11:56","guid":{"rendered":"https:\/\/www.europesays.com\/pt\/159868\/"},"modified":"2025-11-21T11:11:56","modified_gmt":"2025-11-21T11:11:56","slug":"musa-dos-anos-1990-fica-de-calcinha-e-sutia-para-destacar-as-proprias-imperfeicoes-e-e-aclamada-nas-redes-celebridades","status":"publish","type":"post","link":"https:\/\/www.europesays.com\/pt\/159868\/","title":{"rendered":"Musa dos anos 1990 fica de calcinha e suti\u00e3 para destacar as pr\u00f3prias imperfei\u00e7\u00f5es e \u00e9 aclamada nas redes | Celebridades"},"content":{"rendered":"\n<p class=\" content-text__container \" data-track-category=\"Link no Texto\" data-track-links=\"\"> Ela compartilhou o v\u00eddeo, de quase 1:30, em seu perfil no Instagram, onde \u00e9 seguida por 1,3 milh\u00e3o de pessoas. Ao longo da grava\u00e7\u00e3o, Paulina tira seu roup\u00e3o e fica apenas de roupa \u00edntima. Enquanto se troca, ela narra suas escolhas confort\u00e1veis para ficar em casa, o que inclui at\u00e9 uma pantufa. <\/p>\n<p class=\" content-text__container \" data-track-category=\"Link no Texto\" data-track-links=\"\"> Na legenda, como de costume, a modelo fez uma reflex\u00e3o que encantou os internautas. Primeiramente, disse ter se inspirado em uma amiga para gravar esse tipo de conte\u00fado. &#8220;Ela tem um gosto impec\u00e1vel e faz o ato de se vestir parecer uma forma de arte simples. (N\u00e3o \u00e9. Pelo menos n\u00e3o pra mim)&#8221;, admitiu. &#8220;Tamb\u00e9m \u00e9 verdade que, na maior parte do tempo, acho me vestir algo entediante. Sempre parece trabalho. Ent\u00e3o aqui estou eu, mostrando o que realmente fa\u00e7o para come\u00e7ar meu dia \u2014 que basicamente vai ser sentar no computador para escrever&#8221;. <\/p>\n<p class=\" content-text__container \" data-track-category=\"Link no Texto\" data-track-links=\"\"> Para terminar, a top falou sobre aceitar o pr\u00f3prio corpo: &#8220;Se voc\u00ea for como eu, tamb\u00e9m vai reparar no formato do meu corpo \u2014 e, espero, pensar com al\u00edvio: &#8216;ah, ela tamb\u00e9m n\u00e3o \u00e9 perfeita'&#8221;. Ela concluiu: &#8220;E ent\u00e3o voc\u00ea pode se dar uma folga, abra\u00e7ar sua vers\u00e3o imperfeita e dar um pouco de amor a ela. Porque s\u00e3o as nossas imperfei\u00e7\u00f5es que nos tornam perfeitamente originais&#8221;. <\/p>\n<p class=\" content-text__container \" data-track-category=\"Link no Texto\" data-track-links=\"\"> Nos coment\u00e1rios, os f\u00e3s elogiaram o post de Paulina. &#8220;Voc\u00ea \u00e9 simplesmente o melhor exemplo de uma mulher linda, inteligente e com os p\u00e9s no ch\u00e3o que existe. T\u00e3o aut\u00eantica!!&#8221;, disse uma. &#8220;Te amo. N\u00e3o pela sua apar\u00eancia, mas por quem voc\u00ea \u00e9. E obrigada por compartilhar isso t\u00e3o generosamente!&#8221;, enalteceu a segunda. &#8220;Obrigada por ser aut\u00eantica! Em todos os sentidos&#8230; Estou adorando&#8230;&#8221;, agradeceu outra. <\/p>\n<p class=\" content-text__container \" data-track-category=\"Link no Texto\" data-track-links=\"\"> Paulina, supermodelo que brilhou principalmente nos anos 1980 e 1990, foi casada com o cantor norte-americano Ric Ocasek de 1989 a 2018; ap\u00f3s a separa\u00e7\u00e3o (que n\u00e3o chegou a ser oficializada legalmente), eles continuaram morando na mesma casa com os dois filhos, Jonathan (32 anos) e Oliver (27 anos). A celebridade \u00e9 bastante lembrada por estrelar o videoclipe do maior hit da banda de Ocasek, &#8220;Drive&#8221;, lan\u00e7ado em 1984, quando ela tinha apenas 19 anos. <\/p>\n<p class=\" content-text__container \" data-track-category=\"Link no Texto\" data-track-links=\"\"> Paulina come\u00e7ou a modelar cedo. Logo aos 18 anos, se tornou a modelo mais jovem a posar para a capa da Sports Illustrated Swimsuit Edition. Ela ainda foi eleita uma das 50 mulheres mais bonitas do mundo pela revista People, j\u00e1 nos anos 90. Em 2005, fez sua estreia no cat\u00e1logo da Victoria&#8217;s Secret. Nas redes sociais, a famosa tem sido uma esp\u00e9cie de refer\u00eancia ao mostrar e celebrar o envelhecimento natural, muitas vezes com fotos sensuais e legendas inspiradoras a respeito do tema. <\/p>\n","protected":false},"excerpt":{"rendered":"Ela compartilhou o v\u00eddeo, de quase 1:30, em seu perfil no Instagram, onde \u00e9 seguida por 1,3 milh\u00e3o&hellip;\n","protected":false},"author":2,"featured_media":159869,"comment_status":"","ping_status":"","sticky":false,"template":"","format":"standard","meta":{"footnotes":""},"categories":[85],"tags":[114,115,32,33],"class_list":{"0":"post-159868","1":"post","2":"type-post","3":"status-publish","4":"format-standard","5":"has-post-thumbnail","7":"category-entretenimento","8":"tag-entertainment","9":"tag-entretenimento","10":"tag-portugal","11":"tag-pt"},"share_on_mastodon":{"url":"https:\/\/pubeurope.com\/@pt\/115587392673492007","error":""},"_links":{"self":[{"href":"https:\/\/www.europesays.com\/pt\/wp-json\/wp\/v2\/posts\/159868","targetHints":{"allow":["GET"]}}],"collection":[{"href":"https:\/\/www.europesays.com\/pt\/wp-json\/wp\/v2\/posts"}],"about":[{"href":"https:\/\/www.europesays.com\/pt\/wp-json\/wp\/v2\/types\/post"}],"author":[{"embeddable":true,"href":"https:\/\/www.europesays.com\/pt\/wp-json\/wp\/v2\/users\/2"}],"replies":[{"embeddable":true,"href":"https:\/\/www.europesays.com\/pt\/wp-json\/wp\/v2\/comments?post=159868"}],"version-history":[{"count":0,"href":"https:\/\/www.europesays.com\/pt\/wp-json\/wp\/v2\/posts\/159868\/revisions"}],"wp:featuredmedia":[{"embeddable":true,"href":"https:\/\/www.europesays.com\/pt\/wp-json\/wp\/v2\/media\/159869"}],"wp:attachment":[{"href":"https:\/\/www.europesays.com\/pt\/wp-json\/wp\/v2\/media?parent=159868"}],"wp:term":[{"taxonomy":"category","embeddable":true,"href":"https:\/\/www.europesays.com\/pt\/wp-json\/wp\/v2\/categories?post=159868"},{"taxonomy":"post_tag","embeddable":true,"href":"https:\/\/www.europesays.com\/pt\/wp-json\/wp\/v2\/tags?post=159868"}],"curies":[{"name":"wp","href":"https:\/\/api.w.org\/{rel}","templated":true}]}}