{"id":159872,"date":"2025-11-21T11:16:15","date_gmt":"2025-11-21T11:16:15","guid":{"rendered":"https:\/\/www.europesays.com\/pt\/159872\/"},"modified":"2025-11-21T11:16:15","modified_gmt":"2025-11-21T11:16:15","slug":"choque-em-cadeia-provoca-longas-filas-na-a28","status":"publish","type":"post","link":"https:\/\/www.europesays.com\/pt\/159872\/","title":{"rendered":"Choque em cadeia provoca longas filas na A28"},"content":{"rendered":"<p data-remotead-prev-elm=\"true\" data-remotead-elm-id=\"inread\">O alerta para os Bombeiros de Vila do Conde foi dado \u00e0s 18.53 horas. Do acidente resultou um ferido ligeiro, que foi transportado para o Hospital da P\u00f3voa de Varzim e muitos danos materiais. Envolvidos no choque estiveram cinco viaturas.<\/p>\n<p>O tr\u00e2nsito est\u00e1 cortado numa das faixas de rodagem, a fim de permitir o socorro \u00e0s v\u00edtimas e a remo\u00e7\u00e3o dos ve\u00edculos.<\/p>\n<p>Por coincidir com a hora de ponta do final do dia, o acidente causou longas filas de tr\u00e2nsito no acesso a Matosinhos e \u00e0 cidade do Porto.<\/p>\n","protected":false},"excerpt":{"rendered":"O alerta para os Bombeiros de Vila do Conde foi dado \u00e0s 18.53 horas. Do acidente resultou um&hellip;\n","protected":false},"author":2,"featured_media":159873,"comment_status":"","ping_status":"","sticky":false,"template":"","format":"standard","meta":{"footnotes":""},"categories":[10],"tags":[21513,59,27,28,21398,15,16,14,25,26,352,21,22,12,13,19,20,32,23,24,33,17,18,29,30,31],"class_list":{"0":"post-159872","1":"post","2":"type-post","3":"status-publish","4":"format-standard","5":"has-post-thumbnail","7":"category-portugal","8":"tag-a28","9":"tag-acidente","10":"tag-breaking-news","11":"tag-breakingnews","12":"tag-concelho-vila-do-conde","13":"tag-featured-news","14":"tag-featurednews","15":"tag-headlines","16":"tag-latest-news","17":"tag-latestnews","18":"tag-local","19":"tag-main-news","20":"tag-mainnews","21":"tag-news","22":"tag-noticias","23":"tag-noticias-principais","24":"tag-noticiasprincipais","25":"tag-portugal","26":"tag-principais-noticias","27":"tag-principaisnoticias","28":"tag-pt","29":"tag-top-stories","30":"tag-topstories","31":"tag-ultimas","32":"tag-ultimas-noticias","33":"tag-ultimasnoticias"},"share_on_mastodon":{"url":"https:\/\/pubeurope.com\/@pt\/115587408565161690","error":""},"_links":{"self":[{"href":"https:\/\/www.europesays.com\/pt\/wp-json\/wp\/v2\/posts\/159872","targetHints":{"allow":["GET"]}}],"collection":[{"href":"https:\/\/www.europesays.com\/pt\/wp-json\/wp\/v2\/posts"}],"about":[{"href":"https:\/\/www.europesays.com\/pt\/wp-json\/wp\/v2\/types\/post"}],"author":[{"embeddable":true,"href":"https:\/\/www.europesays.com\/pt\/wp-json\/wp\/v2\/users\/2"}],"replies":[{"embeddable":true,"href":"https:\/\/www.europesays.com\/pt\/wp-json\/wp\/v2\/comments?post=159872"}],"version-history":[{"count":0,"href":"https:\/\/www.europesays.com\/pt\/wp-json\/wp\/v2\/posts\/159872\/revisions"}],"wp:featuredmedia":[{"embeddable":true,"href":"https:\/\/www.europesays.com\/pt\/wp-json\/wp\/v2\/media\/159873"}],"wp:attachment":[{"href":"https:\/\/www.europesays.com\/pt\/wp-json\/wp\/v2\/media?parent=159872"}],"wp:term":[{"taxonomy":"category","embeddable":true,"href":"https:\/\/www.europesays.com\/pt\/wp-json\/wp\/v2\/categories?post=159872"},{"taxonomy":"post_tag","embeddable":true,"href":"https:\/\/www.europesays.com\/pt\/wp-json\/wp\/v2\/tags?post=159872"}],"curies":[{"name":"wp","href":"https:\/\/api.w.org\/{rel}","templated":true}]}}