{"id":159874,"date":"2025-11-21T11:17:13","date_gmt":"2025-11-21T11:17:13","guid":{"rendered":"https:\/\/www.europesays.com\/pt\/159874\/"},"modified":"2025-11-21T11:17:13","modified_gmt":"2025-11-21T11:17:13","slug":"helena-costa-sem-magoa-do-clermont-durou-pouco-porque-nao-engoli-sapos-estoril","status":"publish","type":"post","link":"https:\/\/www.europesays.com\/pt\/159874\/","title":{"rendered":"Helena Costa sem m\u00e1goa do Clermont: \u00abDurou pouco porque n\u00e3o engoli sapos\u00bb &#8211; Estoril"},"content":{"rendered":"<p>                    07:04<\/p>\n<p>Primeira mulher a treinar uma equipa profissional masculina, elogia coragem do Estoril por apostar na \u00fanica diretora desportiva na Liga<\/p>\n<p class=\"\">&#13;<br \/>\n        <b>RECORD &#8211; Disse que foi preciso alguma coragem para o Estoril apostar em si. Foi isso que faltou no Clermont em 2014?<\/b>&#13;\n    <\/p>\n<p>                        Para ler TODOS OS ARTIGOS RECORD PREMIUM durante o dia 21.11.2025 insira o seu n\u00famero de telem\u00f3vel e clique em OK<\/p>\n<p>Consulte a aplica\u00e7\u00e3o MBway no seu telem\u00f3vel e aceite a transa\u00e7\u00e3o&#13;\n                    <\/p>\n<p>                        Os seus dados n\u00e3o ser\u00e3o guardados pelo Record<\/p>\n<p>                    Por Nuno Miguel Ferreira<\/p>\n","protected":false},"excerpt":{"rendered":"07:04 Primeira mulher a treinar uma equipa profissional masculina, elogia coragem do Estoril por apostar na \u00fanica diretora&hellip;\n","protected":false},"author":2,"featured_media":159875,"comment_status":"","ping_status":"","sticky":false,"template":"","format":"standard","meta":{"footnotes":""},"categories":[8],"tags":[27,28,15,16,14,25,26,21,22,12,13,19,20,32,23,24,33,17,18,29,30,31],"class_list":{"0":"post-159874","1":"post","2":"type-post","3":"status-publish","4":"format-standard","5":"has-post-thumbnail","7":"category-principais-noticias","8":"tag-breaking-news","9":"tag-breakingnews","10":"tag-featured-news","11":"tag-featurednews","12":"tag-headlines","13":"tag-latest-news","14":"tag-latestnews","15":"tag-main-news","16":"tag-mainnews","17":"tag-news","18":"tag-noticias","19":"tag-noticias-principais","20":"tag-noticiasprincipais","21":"tag-portugal","22":"tag-principais-noticias","23":"tag-principaisnoticias","24":"tag-pt","25":"tag-top-stories","26":"tag-topstories","27":"tag-ultimas","28":"tag-ultimas-noticias","29":"tag-ultimasnoticias"},"share_on_mastodon":{"url":"https:\/\/pubeurope.com\/@pt\/115587412472585987","error":""},"_links":{"self":[{"href":"https:\/\/www.europesays.com\/pt\/wp-json\/wp\/v2\/posts\/159874","targetHints":{"allow":["GET"]}}],"collection":[{"href":"https:\/\/www.europesays.com\/pt\/wp-json\/wp\/v2\/posts"}],"about":[{"href":"https:\/\/www.europesays.com\/pt\/wp-json\/wp\/v2\/types\/post"}],"author":[{"embeddable":true,"href":"https:\/\/www.europesays.com\/pt\/wp-json\/wp\/v2\/users\/2"}],"replies":[{"embeddable":true,"href":"https:\/\/www.europesays.com\/pt\/wp-json\/wp\/v2\/comments?post=159874"}],"version-history":[{"count":0,"href":"https:\/\/www.europesays.com\/pt\/wp-json\/wp\/v2\/posts\/159874\/revisions"}],"wp:featuredmedia":[{"embeddable":true,"href":"https:\/\/www.europesays.com\/pt\/wp-json\/wp\/v2\/media\/159875"}],"wp:attachment":[{"href":"https:\/\/www.europesays.com\/pt\/wp-json\/wp\/v2\/media?parent=159874"}],"wp:term":[{"taxonomy":"category","embeddable":true,"href":"https:\/\/www.europesays.com\/pt\/wp-json\/wp\/v2\/categories?post=159874"},{"taxonomy":"post_tag","embeddable":true,"href":"https:\/\/www.europesays.com\/pt\/wp-json\/wp\/v2\/tags?post=159874"}],"curies":[{"name":"wp","href":"https:\/\/api.w.org\/{rel}","templated":true}]}}