{"id":159876,"date":"2025-11-21T11:18:18","date_gmt":"2025-11-21T11:18:18","guid":{"rendered":"https:\/\/www.europesays.com\/pt\/159876\/"},"modified":"2025-11-21T11:18:18","modified_gmt":"2025-11-21T11:18:18","slug":"ultima-hora-humorista-sofre-avc-e-esta-hospitalizado-sapo","status":"publish","type":"post","link":"https:\/\/www.europesays.com\/pt\/159876\/","title":{"rendered":"\u00daLTIMA HORA! Humorista sofre AVC e est\u00e1 hospitalizado &#8211; SAPO"},"content":{"rendered":"<ol>\n<li><a href=\"https:\/\/news.google.com\/rss\/articles\/CBMiogFBVV95cUxOaVRTNl9mSGQ4OWpiOUQ1dVNqSXJjZTNXdm1XX29sTDFQUHV2amdhZDM4YWNNclJfOFFIR255WlBUMDZySTZhVVpMNUJUWGp0R1EyUXRNUHp0T1hITG9MVXlsV1hCaHNTSzI4RHk1cWI2TTRVX0hMY1ptQ3MyM1NXOTUxSC1FbnZaYXQzNGY3aXJwU0VNX0kxdkU1aGtSdlB2RlE?oc=5\" target=\"_blank\" rel=\"nofollow noopener\">\u00daLTIMA HORA! Humorista sofre AVC e est\u00e1 hospitalizado<\/a>&nbsp;&nbsp;SAPO<\/li>\n<li><a href=\"https:\/\/news.google.com\/rss\/articles\/CBMi7wFBVV95cUxPLXJJNzBJQmhvRDRUQTl6WjJPbzRfUWVwV09mV29NT080bzRSSldINVBzMnRaaUt4OXdxQzJfZU01MnhmcjM0WWVjUXdaSHctbnlNU1JUX19EOFFxVkE3bzhublRnVjY2MWxmNGpXV0I3ampEX2RKek1nWUI2Yzc4MW5zT3VHSlZQb2o5NXBxVHhYNHJPNlM3ZEJmZ1NlM0hWYmczcXBtUG5qRjRRVU1laXVjR0pZb1VSX2FyNU95Q2VvSzJ0d1RQRG5XTXdBRTlFRTlJcFhvRDBIOXc5bjRuLXdYMllUR0tlQlpjRXZiRQ?oc=5\" target=\"_blank\" rel=\"nofollow noopener\">Antigos Combatentes v\u00e3o ter refor\u00e7o do suplemento de pens\u00e3o<\/a>&nbsp;&nbsp;Observador<\/li>\n<li><a href=\"https:\/\/news.google.com\/rss\/articles\/CBMixgFBVV95cUxOanVWMzJHdkFRbkpFQ0hDWExjc0dXemJ2ZlJiVzYwX1N6Zm9mSy1ZcVg2VDctTndxXzFtQ3ZyRkNvczhHQXhfQmdOcmN5Y0JkUGtsRXh5UV9YWk9UckVKNUR2TDI3NVl3bDNYSVBOZGNiNlQwanpQUFhyLV9CV1NkQ096LV9BSDdSb0IzVW9fQ2pTZ21sajJaX0hCSktYM3VpZVRnT05zNVlHOTJjem9XcVVJYXdUZ1czUXlHZm43dWR4SUUxbUE?oc=5\" target=\"_blank\" rel=\"nofollow noopener\">Pertence a esta lista? Estes pensionistas t\u00eam direito a dinheiro extra que \u00e9 pago todos os anos<\/a>&nbsp;&nbsp;postal.pt<\/li>\n<li><a href=\"https:\/\/news.google.com\/rss\/articles\/CBMiwwFBVV95cUxPRDE4WHFkeFNMeWc4RF81Ulc0amh0dTNzcXNDYTRObHo5VXNHQ09QeFp2ZURTamV1b0N0NUlzNVJDMTl6aUx5RGVGaDRHYmFQRENEY3d0ZlhNX3dkU25LMFJhWXZnWmFHZGRWVXJId3VLbHVUcW1nM0NGNUdDUERiQVZtRng0SkJ5VjJ3c2d6MHgtOHFhclZsM0h6cDFEMWt2Sk1NQmVqWDJUc3NBSTk1YXpXWTVrV1RGWXVVZVRzWVVBLUE?oc=5\" target=\"_blank\" rel=\"nofollow noopener\">OE2026: Carneiro diz que aumento do suplemento aos antigos combatentes \u00e9 justo e respons\u00e1vel<\/a>&nbsp;&nbsp;Observador<\/li>\n<li><a href=\"https:\/\/news.google.com\/rss\/articles\/CBMitwFBVV95cUxPcE0xaDBzSGRxaGhGU181MGRXMmZ3ZThGSWEtZXpRM3gtZFRWNFFfTE1rZGsyT2t5bGVoWkQ4Z3JybFRDWHlJS3lxSjdfdEt4ZFBJTTFxbzhqS1otSU54VVVsWklodzdkYndpOXc3VFRUOEdEcktmN1YtekRxVVFXcjVJaEtuLVRuZURWMUxHdTJxZ0dqNjFaRk9RcDhZVU54Y1ZYZ0t1UV9iTW9tZTRLVUJUWHhLZ3c?oc=5\" target=\"_blank\" rel=\"nofollow noopener\">Suplemento Especial de Pens\u00e3o: O que \u00e9 e quem tem direito a receber?<\/a>&nbsp;&nbsp;Not\u00edcias ao Minuto<\/li>\n<\/ol>\n","protected":false},"excerpt":{"rendered":"\u00daLTIMA HORA! Humorista sofre AVC e est\u00e1 hospitalizado&nbsp;&nbsp;SAPO Antigos Combatentes v\u00e3o ter refor\u00e7o do suplemento de pens\u00e3o&nbsp;&nbsp;Observador Pertence&hellip;\n","protected":false},"author":2,"featured_media":159877,"comment_status":"","ping_status":"","sticky":false,"template":"","format":"standard","meta":{"footnotes":""},"categories":[145],"tags":[211,210,114,115,32,33],"class_list":{"0":"post-159876","1":"post","2":"type-post","3":"status-publish","4":"format-standard","5":"has-post-thumbnail","7":"category-celebridades","8":"tag-celebridades","9":"tag-celebrities","10":"tag-entertainment","11":"tag-entretenimento","12":"tag-portugal","13":"tag-pt"},"share_on_mastodon":{"url":"https:\/\/pubeurope.com\/@pt\/115587416312835459","error":""},"_links":{"self":[{"href":"https:\/\/www.europesays.com\/pt\/wp-json\/wp\/v2\/posts\/159876","targetHints":{"allow":["GET"]}}],"collection":[{"href":"https:\/\/www.europesays.com\/pt\/wp-json\/wp\/v2\/posts"}],"about":[{"href":"https:\/\/www.europesays.com\/pt\/wp-json\/wp\/v2\/types\/post"}],"author":[{"embeddable":true,"href":"https:\/\/www.europesays.com\/pt\/wp-json\/wp\/v2\/users\/2"}],"replies":[{"embeddable":true,"href":"https:\/\/www.europesays.com\/pt\/wp-json\/wp\/v2\/comments?post=159876"}],"version-history":[{"count":0,"href":"https:\/\/www.europesays.com\/pt\/wp-json\/wp\/v2\/posts\/159876\/revisions"}],"wp:featuredmedia":[{"embeddable":true,"href":"https:\/\/www.europesays.com\/pt\/wp-json\/wp\/v2\/media\/159877"}],"wp:attachment":[{"href":"https:\/\/www.europesays.com\/pt\/wp-json\/wp\/v2\/media?parent=159876"}],"wp:term":[{"taxonomy":"category","embeddable":true,"href":"https:\/\/www.europesays.com\/pt\/wp-json\/wp\/v2\/categories?post=159876"},{"taxonomy":"post_tag","embeddable":true,"href":"https:\/\/www.europesays.com\/pt\/wp-json\/wp\/v2\/tags?post=159876"}],"curies":[{"name":"wp","href":"https:\/\/api.w.org\/{rel}","templated":true}]}}