{"id":159878,"date":"2025-11-21T11:21:36","date_gmt":"2025-11-21T11:21:36","guid":{"rendered":"https:\/\/www.europesays.com\/pt\/159878\/"},"modified":"2025-11-21T11:21:36","modified_gmt":"2025-11-21T11:21:36","slug":"bruno-de-carvalho-reage-a-polemica-na-casa-dos-segredos-e-deixa-novo-recado-a-producao-sem-miranda","status":"publish","type":"post","link":"https:\/\/www.europesays.com\/pt\/159878\/","title":{"rendered":"Bruno de Carvalho &#8211; Reage a pol\u00e9mica na Casa dos Segredos e deixa (novo) recado \u00e0 produ\u00e7\u00e3o: \u201cSem Miranda&#8230;\u201d"},"content":{"rendered":"<p><strong>Bruno de Carvalho<\/strong> tem se mantido em sil\u00eancio desde a estreia da nona edi\u00e7\u00e3o da <strong>Casa dos Segredos<\/strong>. No entanto, um pequeno acontecimento dentro da casa\u00a0\u2018obrigou\u2019 o antigo presidente do Sporting a pronunciar-se. E se por um lado elogiou a a\u00e7\u00e3o da <strong>Voz<\/strong>, ao mesmo tempo <strong>lan\u00e7ou uma farpa \u00e0 produ\u00e7\u00e3o<\/strong>.<\/p>\n<blockquote>\n<p><strong>Leia tamb\u00e9m: Bruno de Carvalho &#8211; <\/strong><a href=\"https:\/\/www.novagente.pt\/big-brother-que-producao-nao-queria-que-bruno-de-carvalho-contasse-foi-me-recusado\" rel=\"nofollow noopener\" target=\"_blank\">O que a produ\u00e7\u00e3o &#8216;n\u00e3o queria&#8217; que o DJ contasse: &#8220;Foi-me recusado&#8230;&#8221;<\/a><\/p>\n<\/blockquote>\n<p><strong>\u201cOnde estava este bom senso da Voz no BB Ver\u00e3o?\u201d<\/strong>, come\u00e7ou por questionar num v\u00eddeo da <strong>TVI<\/strong>, onde \u00e9 poss\u00edvel assistir \u00e0 soberana a sancionar os concorrentes por terem escondido comida e obrigar a colocarem tudo novamente na cozinha.<\/p>\n<p><strong>\u201cMas nesta casa n\u00e3o existem os Chul\u00e9 [refer\u00eancia aos Cal\u00e9]. Sem Miranda e Leit\u00e3ozinho j\u00e1 existem regras: j\u00e1 n\u00e3o se pode esconder comida, n\u00e3o se pode amea\u00e7ar, n\u00e3o se pode fazer bullying\u2026\u201d<\/strong>, criticou. E de seguida referiu: \u201cMais vale tarde do que nunca\u201d.<\/p>\n<p>Recorde-se que a \u00faltima participa\u00e7\u00e3o em reality show do DJ foi no <strong>Big Brother Ver\u00e3o<\/strong>, onde acabou por ser expulso por ter dado um pontap\u00e9 a Afonso Leit\u00e3o. Indignado com a sua san\u00e7\u00e3o, acabou mesmo por <a href=\"https:\/\/www.novagente.pt\/big-brother-bomba-bruno-de-carvalho-acusa-tvi-de-fechar-os-olhos-crimes-sao-praticados-aqui\" rel=\"nofollow noopener\" target=\"_blank\">denunciar e criticar<\/a> v\u00e1rias atitudes da produ\u00e7\u00e3o.<\/p>\n<p>\u00a0<\/p>\n<p>Texto: Carolina Charrua; Fotos: Redes sociais e Impala<\/p>\n<p class=\"intagram-text\">Siga a Nova Gente no Instagram<\/p>\n<p>                        <a href=\"https:\/\/www.instagram.com\/revistanovagente\/\" target=\"_blank\" aria-label=\"instagram\" rel=\"noopener nofollow\"><img decoding=\"async\" style=\"display: block; margin-left: auto; margin-right: auto; width: 250px; height: 83px;\" src=\"https:\/\/www.europesays.com\/pt\/wp-content\/uploads\/2025\/11\/Instagram_NG.png\" alt=\"instagram\"\/><\/a><br \/>\n                    <script async src=\"\/\/www.instagram.com\/embed.js\"><\/script><\/p>\n","protected":false},"excerpt":{"rendered":"Bruno de Carvalho tem se mantido em sil\u00eancio desde a estreia da nona edi\u00e7\u00e3o da Casa dos Segredos.&hellip;\n","protected":false},"author":2,"featured_media":159879,"comment_status":"","ping_status":"","sticky":false,"template":"","format":"standard","meta":{"footnotes":""},"categories":[142],"tags":[2031,1170,341,2632,342,114,115,32,3654,33,151,162],"class_list":{"0":"post-159878","1":"post","2":"type-post","3":"status-publish","4":"format-standard","5":"has-post-thumbnail","7":"category-tv","8":"tag-afonso-leitao","9":"tag-big-brother-verao","10":"tag-bruno-de-carvalho","11":"tag-casa-dos-segredos","12":"tag-catarina-miranda","13":"tag-entertainment","14":"tag-entretenimento","15":"tag-portugal","16":"tag-producao","17":"tag-pt","18":"tag-tv","19":"tag-tvi"},"share_on_mastodon":{"url":"https:\/\/pubeurope.com\/@pt\/115587428772286903","error":""},"_links":{"self":[{"href":"https:\/\/www.europesays.com\/pt\/wp-json\/wp\/v2\/posts\/159878","targetHints":{"allow":["GET"]}}],"collection":[{"href":"https:\/\/www.europesays.com\/pt\/wp-json\/wp\/v2\/posts"}],"about":[{"href":"https:\/\/www.europesays.com\/pt\/wp-json\/wp\/v2\/types\/post"}],"author":[{"embeddable":true,"href":"https:\/\/www.europesays.com\/pt\/wp-json\/wp\/v2\/users\/2"}],"replies":[{"embeddable":true,"href":"https:\/\/www.europesays.com\/pt\/wp-json\/wp\/v2\/comments?post=159878"}],"version-history":[{"count":0,"href":"https:\/\/www.europesays.com\/pt\/wp-json\/wp\/v2\/posts\/159878\/revisions"}],"wp:featuredmedia":[{"embeddable":true,"href":"https:\/\/www.europesays.com\/pt\/wp-json\/wp\/v2\/media\/159879"}],"wp:attachment":[{"href":"https:\/\/www.europesays.com\/pt\/wp-json\/wp\/v2\/media?parent=159878"}],"wp:term":[{"taxonomy":"category","embeddable":true,"href":"https:\/\/www.europesays.com\/pt\/wp-json\/wp\/v2\/categories?post=159878"},{"taxonomy":"post_tag","embeddable":true,"href":"https:\/\/www.europesays.com\/pt\/wp-json\/wp\/v2\/tags?post=159878"}],"curies":[{"name":"wp","href":"https:\/\/api.w.org\/{rel}","templated":true}]}}