{"id":159880,"date":"2025-11-21T11:22:14","date_gmt":"2025-11-21T11:22:14","guid":{"rendered":"https:\/\/www.europesays.com\/pt\/159880\/"},"modified":"2025-11-21T11:22:14","modified_gmt":"2025-11-21T11:22:14","slug":"confira-o-repertorio-do-show-que-a-banda-apresenta-este-fim-de-semana-em-sp","status":"publish","type":"post","link":"https:\/\/www.europesays.com\/pt\/159880\/","title":{"rendered":"confira o repert\u00f3rio do show que a banda apresenta este fim de semana em SP"},"content":{"rendered":"\n<p class=\" content-text__container theme-color-primary-first-letter\" data-track-category=\"Link no Texto\" data-track-links=\"\"> Com cr\u00edticas entusiasmadas da imprensa \u2014 elogios \u00e0 boa forma vocal de <a class=\"\" href=\"https:\/\/oglobo.globo.com\/tudo-sobre\/personalidade\/liam-gallagher\/\" rel=\"nofollow noopener\" target=\"_blank\">Liam Gallagher<\/a> e \u00e0 intera\u00e7\u00e3o com o irm\u00e3o Noel \u2014 e um repert\u00f3rio fixo de 23 can\u00e7\u00f5es, que privilegia os hits \u2014 dos \u00e1lbuns \u201cDefinitely maybe\u201d, \u201c(What\u2019s the story) morning Glory\u201d (1995), \u201cBe here now\u201d (1997) e \u201cThe Masterplan\u201d (compila\u00e7\u00e3o de m\u00fasicas lados B de singles, t\u00e3o boas quanto as que sa\u00edram nos lados A) \u2014, o <a class=\"\" href=\"https:\/\/oglobo.globo.com\/tudo-sobre\/grupo-musical\/oasis\/\" rel=\"nofollow noopener\" target=\"_blank\">Oasis<\/a>, uma das maiores bandas de rock da hist\u00f3ria, chega ao Brasil este fim de semana para dois shows, com ingressos esgotados, no Est\u00e1dio MorumBIS, em S\u00e3o Paulo. <\/p>\n<ul class=\"content-unordered-list\">\n<li><strong>Por que tanta gente vira de costas no show do Oasis? <\/strong><a class=\"\" href=\"https:\/\/oglobo.globo.com\/cultura\/noticia\/2025\/11\/20\/por-que-tanta-gente-vira-de-costas-no-show-do-oasis-entenda-o-poznan-que-liam-pede-para-os-fas-fazerem.ghtml\" rel=\"nofollow noopener\" target=\"_blank\">Entenda o \u2018Poznan\u2019 que Liam pede para os f\u00e3s fazerem<\/a><\/li>\n<li><strong>Anais Gallagher: <\/strong><a class=\"\" href=\"https:\/\/oglobo.globo.com\/cultura\/musica\/noticia\/2025\/11\/21\/filha-de-noel-gallagher-jovem-modelo-e-principal-responsavel-por-retorno-da-banda-oasis-que-encerra-turne-em-sp.ghtml\" rel=\"nofollow noopener\" target=\"_blank\">Conhe\u00e7a a filha de Noel, que orquestrou o retorno do Oasis e acompanha a banda na turn\u00ea<\/a><\/li>\n<\/ul>\n<p class=\" content-text__container \" data-track-category=\"Link no Texto\" data-track-links=\"\"> As apresenta\u00e7\u00f5es, com ingressos esgotados, marcam o encerramento da turn\u00ea Oasis Live \u201925, que trouxe o grupo de volta aos palcos depois de 15 anos de afastamento dos irm\u00e3os, por causa de uma briga. <a class=\"\" href=\"https:\/\/oglobo.globo.com\/cultura\/noticia\/2024\/08\/27\/a-grande-espera-acabou-por-que-um-retorno-do-oasis-era-tao-desejado.ghtml\" rel=\"nofollow noopener\" target=\"_blank\">O an\u00fancio da turn\u00ea, de surpresa, em agosto do ano passado<\/a>, levou cerca de 14 milh\u00f5es de pessoas a correrem para comprar ingressos (ainda sem confirma\u00e7\u00e3o sobre as datas na Am\u00e9rica do Sul). Confira abaixo o repert\u00f3rio que o Oasis tem mostrado desde o primeiro show da turn\u00ea, que aconteceu dia 4 de julho, em Cardiff (Pa\u00eds de Gales): <\/p>\n<ul class=\"content-unordered-list\">\n<li>\u201cHello\u201d<\/li>\n<li>\u201cAcquiesce\u201d<\/li>\n<li>\u201dMorning glory\u201d<\/li>\n<li>\u201cSome might say\u201d<\/li>\n<li>\u201cBring it on down\u201d<\/li>\n<li>\u201cCigarettes &amp; alcohol\u201d<\/li>\n<li>\u201cFade away\u201d<\/li>\n<li>\u201cSupersonic\u201d<\/li>\n<li>\u201dRoll with it\u201d<\/li>\n<li>\u201cTalk tonight\u201d<\/li>\n<li>\u201cHalf the world away\u201d<\/li>\n<li>\u201cLittle by little\u201d<\/li>\n<li>\u201cD\u2019you know what I mean?\u201d<\/li>\n<li>\u201cStand by me\u201d<\/li>\n<li>\u201cCast no shadow\u201d<\/li>\n<li>\u201cSlide away\u201d<\/li>\n<li>\u201cWhatever\u201d<\/li>\n<li>\u201cLive forever\u201d<\/li>\n<li>\u201cRock\u2019n\u2019Roll star\u201d<\/li>\n<\/ul>\n<ul class=\"content-unordered-list\">\n<li>\u201cThe Masterplan\u201d<\/li>\n<li>\u201cDon&#8217;t look back in anger\u201d<\/li>\n<li>\u201cWonderwall\u201d<\/li>\n<li>\u201cChampagne Supernova\u201d<\/li>\n<\/ul>\n","protected":false},"excerpt":{"rendered":"Com cr\u00edticas entusiasmadas da imprensa \u2014 elogios \u00e0 boa forma vocal de Liam Gallagher e \u00e0 intera\u00e7\u00e3o com&hellip;\n","protected":false},"author":2,"featured_media":159881,"comment_status":"","ping_status":"","sticky":false,"template":"","format":"standard","meta":{"footnotes":""},"categories":[141],"tags":[114,115,17072,149,150,34055,1638,32,33],"class_list":{"0":"post-159880","1":"post","2":"type-post","3":"status-publish","4":"format-standard","5":"has-post-thumbnail","7":"category-musica","8":"tag-entertainment","9":"tag-entretenimento","10":"tag-liam-gallagher","11":"tag-music","12":"tag-musica","13":"tag-noel-gallagher","14":"tag-oasis","15":"tag-portugal","16":"tag-pt"},"share_on_mastodon":{"url":"https:\/\/pubeurope.com\/@pt\/115587432119495734","error":""},"_links":{"self":[{"href":"https:\/\/www.europesays.com\/pt\/wp-json\/wp\/v2\/posts\/159880","targetHints":{"allow":["GET"]}}],"collection":[{"href":"https:\/\/www.europesays.com\/pt\/wp-json\/wp\/v2\/posts"}],"about":[{"href":"https:\/\/www.europesays.com\/pt\/wp-json\/wp\/v2\/types\/post"}],"author":[{"embeddable":true,"href":"https:\/\/www.europesays.com\/pt\/wp-json\/wp\/v2\/users\/2"}],"replies":[{"embeddable":true,"href":"https:\/\/www.europesays.com\/pt\/wp-json\/wp\/v2\/comments?post=159880"}],"version-history":[{"count":0,"href":"https:\/\/www.europesays.com\/pt\/wp-json\/wp\/v2\/posts\/159880\/revisions"}],"wp:featuredmedia":[{"embeddable":true,"href":"https:\/\/www.europesays.com\/pt\/wp-json\/wp\/v2\/media\/159881"}],"wp:attachment":[{"href":"https:\/\/www.europesays.com\/pt\/wp-json\/wp\/v2\/media?parent=159880"}],"wp:term":[{"taxonomy":"category","embeddable":true,"href":"https:\/\/www.europesays.com\/pt\/wp-json\/wp\/v2\/categories?post=159880"},{"taxonomy":"post_tag","embeddable":true,"href":"https:\/\/www.europesays.com\/pt\/wp-json\/wp\/v2\/tags?post=159880"}],"curies":[{"name":"wp","href":"https:\/\/api.w.org\/{rel}","templated":true}]}}