{"id":15989,"date":"2025-08-04T18:35:09","date_gmt":"2025-08-04T18:35:09","guid":{"rendered":"https:\/\/www.europesays.com\/pt\/15989\/"},"modified":"2025-08-04T18:35:09","modified_gmt":"2025-08-04T18:35:09","slug":"flipei-fundacao-theatro-municipal-cancela-feira-de-livros-independente-na-praca-das-artes-e-pode-ter-que-pagar-multa-milionaria-sao-paulo","status":"publish","type":"post","link":"https:\/\/www.europesays.com\/pt\/15989\/","title":{"rendered":"Flipei: Funda\u00e7\u00e3o Theatro Municipal cancela feira de livros independente na Pra\u00e7a das Artes e pode ter que pagar multa milion\u00e1ria | S\u00e3o Paulo"},"content":{"rendered":"\n<p class=\" content-text__container \" data-track-category=\"Link no Texto\" data-track-links=\"\"> \u201cAl\u00e9m dos fatos apresentados acima, n\u00e3o podemos deixar de mencionar os inevit\u00e1veis danos reputacionais \u00e0 Sustenidos, \u00e0 FTM, a PMSP e \u00e0 Secretaria de Estado da Cultura e Ind\u00fastria Criativas, que financia a atividade por meio do PROAC Cult SP. Por todo o exposto, n\u00e3o encontramos forma jur\u00eddica de descumprir o contrato, n\u00e3o sendo poss\u00edvel, portanto, prosseguir com o cancelamento da atividade\u201d, declarou a Sustenidos em carta \u00e0 Funda\u00e7\u00e3o Theatro Municipal. <\/p>\n","protected":false},"excerpt":{"rendered":"\u201cAl\u00e9m dos fatos apresentados acima, n\u00e3o podemos deixar de mencionar os inevit\u00e1veis danos reputacionais \u00e0 Sustenidos, \u00e0 FTM,&hellip;\n","protected":false},"author":2,"featured_media":15990,"comment_status":"","ping_status":"","sticky":false,"template":"","format":"standard","meta":{"footnotes":""},"categories":[143],"tags":[169,114,115,170,32,33],"class_list":{"0":"post-15989","1":"post","2":"type-post","3":"status-publish","4":"format-standard","5":"has-post-thumbnail","7":"category-livros","8":"tag-books","9":"tag-entertainment","10":"tag-entretenimento","11":"tag-livros","12":"tag-portugal","13":"tag-pt"},"share_on_mastodon":{"url":"","error":""},"_links":{"self":[{"href":"https:\/\/www.europesays.com\/pt\/wp-json\/wp\/v2\/posts\/15989","targetHints":{"allow":["GET"]}}],"collection":[{"href":"https:\/\/www.europesays.com\/pt\/wp-json\/wp\/v2\/posts"}],"about":[{"href":"https:\/\/www.europesays.com\/pt\/wp-json\/wp\/v2\/types\/post"}],"author":[{"embeddable":true,"href":"https:\/\/www.europesays.com\/pt\/wp-json\/wp\/v2\/users\/2"}],"replies":[{"embeddable":true,"href":"https:\/\/www.europesays.com\/pt\/wp-json\/wp\/v2\/comments?post=15989"}],"version-history":[{"count":0,"href":"https:\/\/www.europesays.com\/pt\/wp-json\/wp\/v2\/posts\/15989\/revisions"}],"wp:featuredmedia":[{"embeddable":true,"href":"https:\/\/www.europesays.com\/pt\/wp-json\/wp\/v2\/media\/15990"}],"wp:attachment":[{"href":"https:\/\/www.europesays.com\/pt\/wp-json\/wp\/v2\/media?parent=15989"}],"wp:term":[{"taxonomy":"category","embeddable":true,"href":"https:\/\/www.europesays.com\/pt\/wp-json\/wp\/v2\/categories?post=15989"},{"taxonomy":"post_tag","embeddable":true,"href":"https:\/\/www.europesays.com\/pt\/wp-json\/wp\/v2\/tags?post=15989"}],"curies":[{"name":"wp","href":"https:\/\/api.w.org\/{rel}","templated":true}]}}