{"id":159892,"date":"2025-11-21T11:33:10","date_gmt":"2025-11-21T11:33:10","guid":{"rendered":"https:\/\/www.europesays.com\/pt\/159892\/"},"modified":"2025-11-21T11:33:10","modified_gmt":"2025-11-21T11:33:10","slug":"tres-propostas-da-reforma-laboral-que-podem-mudar-a-tua-vida-e-o-que-significam-legislacao-laboral","status":"publish","type":"post","link":"https:\/\/www.europesays.com\/pt\/159892\/","title":{"rendered":"Tr\u00eas propostas da reforma laboral que podem mudar a tua vida \u2014 e o que significam | Legisla\u00e7\u00e3o laboral"},"content":{"rendered":"<p>O Governo quer fazer altera\u00e7\u00f5es \u00e0 Lei do Trabalho e j\u00e1 apresentou algumas medidas \u2014 que est\u00e3o a ser discutidas com os sindicatos. Entre a dura\u00e7\u00e3o de contratos ao per\u00edodo experimental, h\u00e1 mudan\u00e7as a ter em conta para quem est\u00e1 a entrar no mercado de trabalho e pode estar mais sujeito a este tipo de v\u00ednculos contratuais.<\/p>\n<p>Paulo Marques, professor associado no Departamento de Economia Pol\u00edtica (ECSH)\u200b e coordenador do Observat\u00f3rio do Emprego Jovem, defende que estas mudan\u00e7as, a concretizarem-se, &#8220;s\u00e3o nocivas para os trabalhadores e muito nocivas para os jovens&#8221;: &#8220;\u00c9 uma reforma que favorece apenas um lado da rela\u00e7\u00e3o laboral.&#8221;<\/p>\n<p>Em reac\u00e7\u00e3o, a CGTP j\u00e1 entregou o <a href=\"https:\/\/www.publico.pt\/2025\/11\/17\/economia\/noticia\/nova-proposta-governo-cgtp-entrega-preaviso-greve-geral-2154926\" rel=\"nofollow noopener\" target=\"_blank\">pr\u00e9-aviso de greve geral<\/a> \u2014 \u00e0 qual a UGT tamb\u00e9m se associou \u2014 para o dia 11 de Dezembro. Para as duas centrais sindicais, o novo pacote laboral \u00e9 &#8220;profundamente negativo para o mundo do trabalho&#8221;. Esta quarta-feira, o <a href=\"https:\/\/www.publico.pt\/2025\/11\/19\/economia\/noticia\/governo-cede-ferias-trabalho-flexivel-mantem-maioria-propostas-2155276\" rel=\"nofollow noopener\" target=\"_blank\">Governo cedeu<\/a> em 27 dos mais de 100 artigos que comp\u00f5em a legisla\u00e7\u00e3o para tentar responder a algumas das exig\u00eancias da UGT. Mas a maioria mant\u00e9m-se.<\/p>\n<p>Contratos de trabalho a termo certo e incerto<\/p>\n<p>Actualmente, os contratos a termo certo t\u00eam uma dura\u00e7\u00e3o inicial m\u00ednima de seis meses. Com a nova proposta do Governo, passar\u00e3o a uma dura\u00e7\u00e3o m\u00ednima de um ano, podendo ser renovados at\u00e9 tr\u00eas vezes. A dura\u00e7\u00e3o m\u00e1xima tamb\u00e9m poder\u00e1 alterar: podem passar de dois para tr\u00eas anos nos contratos a termo certo e de quatro para cinco nos contratos a termo incerto.<\/p>\n<p>Estas propostas podem \u201cfazer com que a possibilidade de convers\u00e3o dos contratos seja menor\u201d, explica Paulo Marques. \u201cO empregador n\u00e3o tem de tomar uma decis\u00e3o ao fim de dois anos. O argumento que existe quando o desemprego \u00e9 alto, de que \u00e9 preciso criar formas contratuais para que os empregadores n\u00e3o tenham medo de contratar, [n\u00e3o se enquadra] quando temos uma taxa de desemprego relativamente baixa (<a href=\"https:\/\/www.publico.pt\/2025\/11\/05\/economia\/noticia\/emprego-voltou-bater-recordes-meses-verao-gracas-sector-servicos-2153434\" rel=\"nofollow noopener\" target=\"_blank\">actualmente fixa-se nos 5,8%<\/a>, a mais baixa desde 2020)\u201d, continua.<\/p>\n<p>Para o professor, a medida poder\u00e1 aumentar a precariedade, depois de \u201cuma traject\u00f3ria de diminui\u00e7\u00e3o\u201d: \u201cTemos muitos sectores, ligados ao turismo e restaura\u00e7\u00e3o, por exemplo, onde h\u00e1 muita rotatividade e onde os empregadores tendem a usar muito estas formas de contrata\u00e7\u00e3o. Se a legisla\u00e7\u00e3o abre muito a porta, a utiliza\u00e7\u00e3o [destes mecanismos] \u00e9 ainda maior.\u201d<\/p>\n<p>Trabalhadores independentes<\/p>\n<p>Um trabalhador independente \u00e9 considerado economicamente dependente de uma empresa quando 50% dos seus rendimentos adv\u00eam da mesma empresa ou cliente. A exist\u00eancia de uma percentagem visa proteger os trabalhadores daquilo a que comummente chamamos \u201cfalsos recibos verdes\u201d \u2014 quando o trabalhador \u00e9 na verdade dependente de uma empresa, apesar de n\u00e3o ter um v\u00ednculo contratual com ela.<\/p>\n<p>Com a nova lei, o Governo quer aumentar essa percentagem para os 80%, o que, considera Paulo Marques, \u201cvai fazer com que se utilizem mais os recibos verdes, porque s\u00f3 quando se atingem os 80% \u00e9 que o empregador vai ter de fazer um contrato \u2014 que \u00e9 o que vai dar direitos e protec\u00e7\u00e3o [ao trabalhador]\u201d.<\/p>\n<p>Fim do per\u00edodo experimental de 180 dias no primeiro emprego<\/p>\n<p>Outra das mudan\u00e7as propostas \u00e9 o <a href=\"https:\/\/www.publico.pt\/2025\/07\/25\/economia\/noticia\/governo-quer-fim-periodo-experimental-180-dias-emprego-2141836\" rel=\"nofollow noopener\" target=\"_blank\">fim do per\u00edodo experimental<\/a>. Actualmente, a lei diz que, nos contratos de trabalho por tempo indeterminado, \u00e9 obrigat\u00f3rio um per\u00edodo experimental de 180 dias para os trabalhadores que \u201cestejam \u00e0 procura de primeiro emprego e desempregados de longa dura\u00e7\u00e3o\u201d.<\/p>\n<p>Paulo Marques acredita que esta medida \u00e9 uma \u201cmoeda de troca\u201d, \u00e0 semelhan\u00e7a do que j\u00e1 aconteceu no passado: \u201cO Governo anterior deu um aumento de per\u00edodo experimental como compensa\u00e7\u00e3o de uma redu\u00e7\u00e3o da dura\u00e7\u00e3o dos contratos a termo, a termo incerto, \u00e0 utiliza\u00e7\u00e3o dos recibos verdes, combate ao outsourcing, tudo isso. A reforma anterior diminuiu muito a flexibilidade nas formas de contrata\u00e7\u00e3o tempor\u00e1ria e deu um bocadinho aos empregadores; agora, acontece o contr\u00e1rio: o que se est\u00e1 a fazer \u00e9 a aumentar a flexibilidade e dar um bocadinho aos trabalhadores.\u201d<\/p>\n<p><a href=\"https:\/\/www.publico.pt\/2019\/06\/27\/economia\/noticia\/aumento-periodo-experimental-aprovado-be-ameca-constitucional-1877980\" rel=\"nofollow noopener\" target=\"_blank\">Em 2019<\/a>, o PS, PSD e CDS viabilizaram o aumento de 90 para 180 dias do per\u00edodo de experi\u00eancia exigido aos trabalhadores \u00e0 procura de primeiro emprego e aos desempregados de longa dura\u00e7\u00e3o. O PCP e o BE votaram contra.<\/p>\n<p>Outras medidas<\/p>\n<ul>\n<li>A nova proposta poder\u00e1 tornar mais f\u00e1cil rejeitar o teletrabalho, j\u00e1 que revoga a obriga\u00e7\u00e3o de o empregador ter de fundamentar a recusa.<\/li>\n<li>Acabam tamb\u00e9m as restri\u00e7\u00f5es \u00e0 contrata\u00e7\u00e3o externa (outsourcing) durante um ano ap\u00f3s despedimentos e uma autodeclara\u00e7\u00e3o de doen\u00e7a fraudulenta pode dar direito a despedimento por justa causa.<\/li>\n<li>Os trabalhadores v\u00e3o poder pedir que os subs\u00eddios de f\u00e9rias e Natal sejam pagos em duod\u00e9cimos e poder\u00e3o voltar os <a href=\"https:\/\/www.publico.pt\/2025\/11\/14\/economia\/noticia\/governo-recua-repoe-tres-dias-ferias-deixa-cair-despedimento-medias-empresas-2154596\" rel=\"nofollow noopener\" target=\"_blank\">tr\u00eas dias de f\u00e9rias<\/a> adicionais ligados \u00e0 assiduidade que tinham sido eliminados durante a interven\u00e7\u00e3o da troika.<\/li>\n<\/ul>\n","protected":false},"excerpt":{"rendered":"O Governo quer fazer altera\u00e7\u00f5es \u00e0 Lei do Trabalho e j\u00e1 apresentou algumas medidas \u2014 que est\u00e3o a&hellip;\n","protected":false},"author":2,"featured_media":159893,"comment_status":"","ping_status":"","sticky":false,"template":"","format":"standard","meta":{"footnotes":""},"categories":[10],"tags":[27,28,847,15,16,301,14,25,26,848,21,22,12,13,19,20,534,542,32,23,24,33,17,18,849,5791,29,30,31],"class_list":{"0":"post-159892","1":"post","2":"type-post","3":"status-publish","4":"format-standard","5":"has-post-thumbnail","7":"category-portugal","8":"tag-breaking-news","9":"tag-breakingnews","10":"tag-codigo-do-trabalho","11":"tag-featured-news","12":"tag-featurednews","13":"tag-governo","14":"tag-headlines","15":"tag-latest-news","16":"tag-latestnews","17":"tag-legislacao-laboral","18":"tag-main-news","19":"tag-mainnews","20":"tag-news","21":"tag-noticias","22":"tag-noticias-principais","23":"tag-noticiasprincipais","24":"tag-p3","25":"tag-para-redes","26":"tag-portugal","27":"tag-principais-noticias","28":"tag-principaisnoticias","29":"tag-pt","30":"tag-top-stories","31":"tag-topstories","32":"tag-trabalho","33":"tag-trabalho-e-emprego","34":"tag-ultimas","35":"tag-ultimas-noticias","36":"tag-ultimasnoticias"},"share_on_mastodon":{"url":"","error":"Validation failed: Text character limit of 500 exceeded"},"_links":{"self":[{"href":"https:\/\/www.europesays.com\/pt\/wp-json\/wp\/v2\/posts\/159892","targetHints":{"allow":["GET"]}}],"collection":[{"href":"https:\/\/www.europesays.com\/pt\/wp-json\/wp\/v2\/posts"}],"about":[{"href":"https:\/\/www.europesays.com\/pt\/wp-json\/wp\/v2\/types\/post"}],"author":[{"embeddable":true,"href":"https:\/\/www.europesays.com\/pt\/wp-json\/wp\/v2\/users\/2"}],"replies":[{"embeddable":true,"href":"https:\/\/www.europesays.com\/pt\/wp-json\/wp\/v2\/comments?post=159892"}],"version-history":[{"count":0,"href":"https:\/\/www.europesays.com\/pt\/wp-json\/wp\/v2\/posts\/159892\/revisions"}],"wp:featuredmedia":[{"embeddable":true,"href":"https:\/\/www.europesays.com\/pt\/wp-json\/wp\/v2\/media\/159893"}],"wp:attachment":[{"href":"https:\/\/www.europesays.com\/pt\/wp-json\/wp\/v2\/media?parent=159892"}],"wp:term":[{"taxonomy":"category","embeddable":true,"href":"https:\/\/www.europesays.com\/pt\/wp-json\/wp\/v2\/categories?post=159892"},{"taxonomy":"post_tag","embeddable":true,"href":"https:\/\/www.europesays.com\/pt\/wp-json\/wp\/v2\/tags?post=159892"}],"curies":[{"name":"wp","href":"https:\/\/api.w.org\/{rel}","templated":true}]}}