{"id":159896,"date":"2025-11-21T11:35:11","date_gmt":"2025-11-21T11:35:11","guid":{"rendered":"https:\/\/www.europesays.com\/pt\/159896\/"},"modified":"2025-11-21T11:35:11","modified_gmt":"2025-11-21T11:35:11","slug":"principe-do-lumiar-anuncia-com-topless-o-seu-primeiro-album-a-publicar-em-2026-musica","status":"publish","type":"post","link":"https:\/\/www.europesays.com\/pt\/159896\/","title":{"rendered":"Pr\u00edncipe do Lumiar anuncia com \u201cTopless\u201d o seu primeiro \u00e1lbum, a publicar em 2026 | M\u00fasica"},"content":{"rendered":"<p>Depois de dois EP (<a href=\"https:\/\/www.youtube.com\/watch?v=uHyduL4itJE\" target=\"_blank\" rel=\"nofollow noopener\">Salva-Vidas<\/a>, 2020; e <a href=\"https:\/\/www.youtube.com\/watch?v=Z0J4xj-bzK4\" target=\"_blank\" rel=\"nofollow noopener\">Bala<\/a>, 2021) e tr\u00eas singles (<a href=\"https:\/\/www.youtube.com\/watch?v=lX4YXtERO0s&amp;list=RDlX4YXtERO0s&amp;start_radio=1\" target=\"_blank\" rel=\"nofollow noopener\">Treino<\/a>, 2021; <a href=\"https:\/\/www.youtube.com\/watch?v=gdwBN1QLn0A\" target=\"_blank\" rel=\"nofollow noopener\">Quando Deus<\/a>, 2021; e <a href=\"https:\/\/www.youtube.com\/watch?v=QthUp2qUc3o&amp;list=RDQthUp2qUc3o&amp;start_radio=1\" target=\"_blank\" rel=\"nofollow noopener\">Lixado<\/a>, 2023), o cantor e compositor Pr\u00edncipe do Lumiar (nome art\u00edstico de Francisco, lisboeta) estreia esta sexta-feira uma nova can\u00e7\u00e3o, Topless, anunciando com ela um \u00e1lbum para 2026. Composta de parceria com Beny Hip\u00f3lito e produ\u00e7\u00e3o de Andr\u00e9 Isidro, Topless explora, segundo o seu autor (citado no texto que acompanha o lan\u00e7amento), \u201ca ideia do corpo ocupado, do corpo aut\u00f3nomo e da liberdade individual\u201d, funcionando aqui o topless \u201ccomo met\u00e1fora para a honestidade, numa exist\u00eancia em que, independentemente das escolhas, h\u00e1 sempre a ida e a volta, de que nada \u00e9 est\u00e1tico, mas de que tudo acaba\u201d. O videoclipe foi realizado por Ant\u00f3nio Mendes, com produ\u00e7\u00e3o de Jo\u00e3o Cachola, direc\u00e7\u00e3o de fotografia e cor de B\u00e1rbara Sales e direc\u00e7\u00e3o criativa de Cybertokio e do pr\u00f3prio Pr\u00edncipe do Lumiar.<\/p>\n<p>O \u00e1lbum que Pr\u00edncipe do Lumiar anuncia para 2026 ser\u00e1, nas palavras do pr\u00f3prio, \u201cum \u00e1lbum vulner\u00e1vel, honesto e muito pessoal, como uma quarta camada da minha pele, passando por tem\u00e1ticas como a ansiedade, medos, saudade, perda, luto, amor, ideais, seres vivos e seres desaparecidos, mem\u00f3ria e conquistas, desgostos e l\u00e1grimas\u201d.\u00a0 E retratar\u00e1, acrescenta, \u201cum per\u00edodo de matura\u00e7\u00e3o a n\u00edvel art\u00edstico e pessoal\u201d: \u201cRepresentativo de uma fase da minha vida em que arrumei muitos assuntos e em que me arrumei tamb\u00e9m a mim.\u201d<\/p>\n","protected":false},"excerpt":{"rendered":"Depois de dois EP (Salva-Vidas, 2020; e Bala, 2021) e tr\u00eas singles (Treino, 2021; Quando Deus, 2021; e&hellip;\n","protected":false},"author":2,"featured_media":159897,"comment_status":"","ping_status":"","sticky":false,"template":"","format":"standard","meta":{"footnotes":""},"categories":[145],"tags":[211,210,114,115,32,33],"class_list":{"0":"post-159896","1":"post","2":"type-post","3":"status-publish","4":"format-standard","5":"has-post-thumbnail","7":"category-celebridades","8":"tag-celebridades","9":"tag-celebrities","10":"tag-entertainment","11":"tag-entretenimento","12":"tag-portugal","13":"tag-pt"},"share_on_mastodon":{"url":"https:\/\/pubeurope.com\/@pt\/115587483095475844","error":""},"_links":{"self":[{"href":"https:\/\/www.europesays.com\/pt\/wp-json\/wp\/v2\/posts\/159896","targetHints":{"allow":["GET"]}}],"collection":[{"href":"https:\/\/www.europesays.com\/pt\/wp-json\/wp\/v2\/posts"}],"about":[{"href":"https:\/\/www.europesays.com\/pt\/wp-json\/wp\/v2\/types\/post"}],"author":[{"embeddable":true,"href":"https:\/\/www.europesays.com\/pt\/wp-json\/wp\/v2\/users\/2"}],"replies":[{"embeddable":true,"href":"https:\/\/www.europesays.com\/pt\/wp-json\/wp\/v2\/comments?post=159896"}],"version-history":[{"count":0,"href":"https:\/\/www.europesays.com\/pt\/wp-json\/wp\/v2\/posts\/159896\/revisions"}],"wp:featuredmedia":[{"embeddable":true,"href":"https:\/\/www.europesays.com\/pt\/wp-json\/wp\/v2\/media\/159897"}],"wp:attachment":[{"href":"https:\/\/www.europesays.com\/pt\/wp-json\/wp\/v2\/media?parent=159896"}],"wp:term":[{"taxonomy":"category","embeddable":true,"href":"https:\/\/www.europesays.com\/pt\/wp-json\/wp\/v2\/categories?post=159896"},{"taxonomy":"post_tag","embeddable":true,"href":"https:\/\/www.europesays.com\/pt\/wp-json\/wp\/v2\/tags?post=159896"}],"curies":[{"name":"wp","href":"https:\/\/api.w.org\/{rel}","templated":true}]}}