{"id":159900,"date":"2025-11-21T11:39:32","date_gmt":"2025-11-21T11:39:32","guid":{"rendered":"https:\/\/www.europesays.com\/pt\/159900\/"},"modified":"2025-11-21T11:39:32","modified_gmt":"2025-11-21T11:39:32","slug":"veja-os-vencedores-das-principais-categorias","status":"publish","type":"post","link":"https:\/\/www.europesays.com\/pt\/159900\/","title":{"rendered":"veja os vencedores das principais categorias"},"content":{"rendered":"<p><img decoding=\"async\" src=\"https:\/\/www.europesays.com\/pt\/wp-content\/uploads\/2025\/11\/Grammy-Latino-2025-veja-os-vencedores-das-principa-00855977-8e9fa2274ea1c8b780b09e0c2b0cb024-7.webp\" alt=\"&#13;&#10;&#9;&#9;&#9;&#9;Grammy Latino 2025: veja os vencedores das principais categorias&#13;&#10;&#9;&#9;&#9;&#13;&#10;&#9;&#9;&#9;\"\/>Liniker aceita o pr\u00eamio de Melhor Can\u00e7\u00e3o em L\u00edngua Portuguesa por &#8220;Veludo Marrom&#8221; durante a 26\u00aa Cerim\u00f4nia Anual de Premia\u00e7\u00e3o do Grammy Latino. \u2014 Foto: Reprodu\u00e7\u00e3o<\/p>\n<p>26\u00aa edi\u00e7\u00e3o do Grammy Latino 2025 prestigia os maiores destaques da m\u00fasica latina do \u00faltimo ano. Confira os vencedores das principais categorias abaixo.<\/p>\n<p>Tudo em um s\u00f3 lugar.<\/p>\n<p>Receba not\u00edcias da GazetaWeb no seu <b>WhatsApp<\/b> e fique por dentro de tudo!<\/p>\n<p><a href=\"https:\/\/chat.whatsapp.com\/Ift8Of86Q8CFaauG7hssKy\" rel=\"nofollow noopener\" target=\"_blank\">ACESSE O GRUPO &gt;<\/a><img decoding=\"async\" loading=\"lazy\" src=\"https:\/\/www.europesays.com\/pt\/wp-content\/uploads\/2025\/08\/canal_whatsapp.png\" alt=\"Aplicativo na whatsapp Store\"\/><\/p>\n<p>Este ano, Bad Bunny e CA7RIEL &amp; Paco Amoroso foram os maiores premiados da noite.<\/p>\n<p>Leia tamb\u00e9m<\/p>\n<p>Alguns dos brasileiros mais contemplados nas categorias foram Liniker, Marina Sena, Ana Castela e Alcione.<\/p>\n<p>Liniker levou tr\u00eas de cinco categorias das quais foi indicada, incluindo Melhor Can\u00e7\u00e3o em L\u00edngua Portuguesa.<\/p>\n<p>Confira os vencedores das principais vencedores do Grammy Latino 2025<\/p>\n<p>\u00c1lbum do Ano<\/p>\n<p>&#8220;Cosa nuestra&#8221; \u2013 Rauw Alejandro<\/p>\n<p>&#8220;DeB\u00cd TiRAR M\u00e1S FOToS&#8221; \u2013 Bad Bunny<\/p>\n<p>&#8220;Papota&#8221; \u2013 CA7RIEL &amp; Paco Amoroso<\/p>\n<p>&#8220;Ra\u00edces&#8221; \u2013 Gloria Estefan<\/p>\n<p>&#8220;Pu\u00f1ito de Yocah\u00fa&#8221; \u2013 Vicente Garc\u00eda<\/p>\n<p>&#8220;al romper la burbuja&#8221; \u2013 Joaquina<\/p>\n<p>&#8220;Cancionera&#8221; \u2013 Natalia Lafourcade<\/p>\n<p>&#8220;Palabra de to\u2019s (seca)&#8221; \u2013 Car\u00edn Le\u00f3n<\/p>\n<p>&#8220;Caju&#8221; \u2013 Liniker<\/p>\n<p>&#8220;En las nubes &#8211; con mis panas&#8221; \u2013 Elena Rose<\/p>\n<p>&#8220;\u00bfY ahora qu\u00e9?&#8221; \u2013 Alejandro Sanz<\/p>\n<p>Can\u00e7\u00e3o do Ano<\/p>\n<p>\u201cBaile inolvidable\u201d \u2013 Bad Bunny<\/p>\n<p>\u201cBogota\u0301\u201d \u2013Andre\u0301s Cepeda<\/p>\n<p>\u201cCancionera\u201d \u2013 Natalia Lafourcade<\/p>\n<p>\u201cDtMF\u201d \u2013 Bad Bunny<\/p>\n<p>\u201cEl di\u0301a del amigo\u201d \u2013 CA7RIEL &amp; Paco Amoroso<\/p>\n<p>\u201cOtra noche de llorar\u201d \u2013 Mon Laferte<\/p>\n<p>\u201cPalmeras en el jardi\u0301n\u201d \u2013 Alejandro Sanz<\/p>\n<p>\u201cSi antes te hubiera conocido\u201d \u2013 Karol G &#8211; VENCEDORA<\/p>\n<p>\u201c#Tetas\u201d \u2013 CA7RIEL &amp; Paco Amoroso<\/p>\n<p>\u201cVeludo marrom\u201d &#8211; Liniker<\/p>\n<p>Grava\u00e7\u00e3o do Ano<\/p>\n<p>\u201cBaile inolvidable\u201d \u2013 Bad Bunny<\/p>\n<p>\u201cDtMF\u201d \u2013 Bad Bunny<\/p>\n<p>\u201cEl d\u00eda del amigo\u201d \u2013 CA7RIEL &amp; Paco Amoroso<\/p>\n<p>\u201c#Tetas\u201d \u2013 CA7RIEL &amp; Paco Amoroso<\/p>\n<p>\u201cDesastres fabulosos\u201d \u2013 Jorge Drexler &amp; Conociendo Rusia<\/p>\n<p>\u201cLara\u201d \u2013 Zoe Gotusso<\/p>\n<p>\u201cSi antes te hubiera conocido\u201d \u2013 Karol G<\/p>\n<p>\u201cCancionera\u201d \u2013 Natalia Lafourcade<\/p>\n<p>\u201cAo teu lado\u201d \u2013 Liniker<\/p>\n<p>\u201cPalmeras en el jard\u00edn\u201d \u2013 Alejandro Sanz<\/p>\n<p>Melhor Artista Revela\u00e7\u00e3o<\/p>\n<p>Alleh<\/p>\n<p>Annasofia<\/p>\n<p>Yerai Cort\u00e9s<\/p>\n<p>Juliane Gamboa<\/p>\n<p>Camila Guevara<\/p>\n<p>Isadora<\/p>\n<p>Alex Luna<\/p>\n<p>Paloma Morphy &#8211; VENCEDORA<\/p>\n<p>Sued Nunes<\/p>\n<p>Ruzzi<\/p>\n<p>Melhor M\u00fasica para M\u00eddias Visuais<\/p>\n<p>Cada Minuto Cuenta &#8211; Pedro Osuna<\/p>\n<p>Cien A\u00f1os De Soledad &#8211; Camilo Sanabria<\/p>\n<p>El Eternauta &#8211; Federico Jusid<\/p>\n<p>In The Summers &#8211; Eduardo Cabra<\/p>\n<p>Pedro P\u00e1ramo &#8211; Gustavo Santaolalla &#8211; VENCEDOR<\/p>\n<p>Melhor \u00c1lbum de M\u00fasica Sertaneja<\/p>\n<p>&#8220;Let&#8217;s Go Rodeo&#8221; \u2013 Ana Castela<\/p>\n<p>&#8220;Jos\u00e9 &amp; Durval&#8221; \u2013 Chit\u00e3ozinho &amp; Xoror\u00f3 &#8211; VENCEDOR<\/p>\n<p>&#8220;Obrigado Deus&#8221; \u2013 L\u00e9o Foguete<\/p>\n<p>&#8220;Transcende (Ao Vivo \/ Deluxe)&#8221; \u2013 Lauana Prado<\/p>\n<p>&#8220;Do Velho Testamento&#8221; \u2013 Tierry<\/p>\n<p>Melhor V\u00eddeo Musical Vers\u00e3o Curta<\/p>\n<p>&#8220;EL CL\u00faB&#8221; &#8211; Bad Bunny<\/p>\n<p>&#8220;Diamantes, L\u00e1grimas e Rostos Para Esquecer (Dlre)&#8221; &#8211; Bk&#8217;<\/p>\n<p>&#8220;#Tetas&#8221; &#8211; Ca7riel &amp; Paco Amoroso &#8211; VENCEDOR<\/p>\n<p>&#8220;Cura Pa Mi Alma&#8221; &#8211; Vera Grv<\/p>\n<p>&#8220;Full Time Papi&#8221; &#8211; Guitarricadelafuente<\/p>\n<p>Melhor V\u00eddeo Musical Vers\u00e3o Longa<\/p>\n<p>Papota &#8211; Ca7riel &amp; Paco Amoroso &#8211; VENCEDOR<\/p>\n<p>Iradoh &#8211; 3 Atos De Irmandade: A M\u00fasica, O Crime E A Justi\u00e7a &#8211; Hodari<\/p>\n<p>Mon Laferte, Te Amo &#8211; Mon Laferte<\/p>\n<p>Lamento (Extended Cut) &#8211; Gaby Moreno<\/p>\n<p>Melhor \u00c1lbum de Rock ou de M\u00fasica Alternativa em L\u00edngua Portuguesa<\/p>\n<p>&#8220;O Mundo D\u00e1 Voltas&#8221; \u2013 Baianasystem &#8211; VENCEDOR<\/p>\n<p>&#8220;Colinho&#8221; \u2013 Maria Beraldo<\/p>\n<p>&#8220;Rea\u00e7\u00f5es Adversas \/ Ao Persistirem Os Sintomas&#8221; \u2013 T\u00f3 Brandileone<\/p>\n<p>&#8220;Quanto Mais Eu Como, Mais Fome Eu Sinto!&#8221; \u2013 Djonga<\/p>\n<p>&#8220;Big Buraco&#8221; \u2013 Jadsa<\/p>\n<p>Melhor \u00c1lbum de M\u00fasica Crist\u00e3 (L\u00edngua Portuguesa)<\/p>\n<p>&#8220;Ton Carfi 20 Anos (Ao Vivo)&#8221; \u2013 Ton Carfi<\/p>\n<p>&#8220;Raz\u00e3o Da Esperan\u00e7a&#8221; \u2013 Paloma Possi<\/p>\n<p>&#8220;Onde Guardamos As Flores?&#8221; \u2013 Resgate<\/p>\n<p>&#8220;Mem\u00f3ri4s (Ao Vivo)&#8221; \u2013 Eli Soares &#8211; VENCEDOR<\/p>\n<p>&#8220;A Maior Honra&#8221; \u2013 Julliany Souza<\/p>\n<p>Melhor \u00c1lbum Instrumental<\/p>\n<p>&#8220;Alma En Cuba&#8221; &#8211; Ariel Br\u00ednguez &amp; Iv\u00e1n &#8220;Melon&#8221; Lewis<\/p>\n<p>&#8220;Saga&#8221; &#8211; Yamandu Costa, Mart\u00edn Sued e Orquestra Assintom\u00e1tica<\/p>\n<p>&#8220;Ida e Volta&#8221; &#8211; Yamandu Costa<\/p>\n<p>&#8220;Havana Meets Harlem&#8221; &#8211; Harlem Quartet Featuring Aldo L\u00f3pez Gavil\u00e1n<\/p>\n<p>&#8220;Y El Canto De Todas&#8221; &#8211; Rafael Serrallet &amp; Orquesta Filarm\u00f3nica Nacional de Lviv &#8211; VENCEDOR<\/p>\n<p>Melhor \u00c1lbum de Jazz Latino<\/p>\n<p>&#8220;Hamilton de Holanda Trio Live in NYC&#8221; &#8211; Hamilton de Holanda &#8211; VENCEDOR<\/p>\n<p>&#8220;La Fleur de Cayenne&#8221; &#8211; Paquito D&#8217;Rivera &amp; Madrid-New York Connection Band<\/p>\n<p>&#8220;Luces y Sombras&#8221; &#8211; Iv\u00e1n Melon Lewis Trio<\/p>\n<p>&#8220;Cuba And Beyond&#8221; &#8211; Chucho Vald\u00e9s, Royal Quartet &#8211; VENCEDOR<\/p>\n<p>&#8220;Golden City&#8221; &#8211; Miguel Zen\u00f3n<\/p>\n<p>Melhor \u00c1lbum de M\u00fasica Infantil<\/p>\n<p>&#8220;Los Nuevos Canticuentos&#8221; &#8211; Canticuentos, Coro de R\u00edogrande &#8211; VENCEDOR<\/p>\n<p>&#8220;Aventuras de Caramelo&#8221; &#8211; Antonio Caramelo, Malibu<\/p>\n<p>&#8220;Cenas Infantis&#8221; &#8211; Palavra Cantada<\/p>\n<p>&#8220;Buscapi\u00e9&#8221; &#8211; Luis Pescetti, Juan Quintero<\/p>\n<p>&#8220;Jirafas&#8221; &#8211; Rita Rosa<\/p>\n<p>Melhor Interpreta\u00e7\u00e3o Reggaeton<\/p>\n<p>Baja Pa&#8217; Ac\u00e1 &#8211; Rauw Alejandro Featuring Alexis &amp; Fido<\/p>\n<p>Voy A Llevarte Pa Pr &#8211; Bad Bunny &#8211; VENCEDOR<\/p>\n<p>Dile A \u00c9l &#8211; Nicky Jam<\/p>\n<p>Brillar &#8211; Lenny Tav\u00e1rez<\/p>\n<p>Reggaeton Malandro &#8211; Yandel Featuring Tego Calder\u00f3n<\/p>\n<p>Melhor Can\u00e7\u00e3o Rap\/Hip Hop<\/p>\n<p>El Favorito De Mami &#8211; Big Soto Featuring Eladio Carrion<\/p>\n<p>Fresh &#8211; Trueno &#8211; VENCEDOR<\/p>\n<p>Parriba &#8211; Akapellah Featuring Trueno<\/p>\n<p>Sudor Y Tinta &#8211; J Noa &amp; Vakero<\/p>\n<p>Thc &#8211; Arc\u00e1ngel<\/p>\n<p>Melhor \u00c1lbum Pop Tradicional<\/p>\n<p>Bogot\u00e1 &#8211; Andr\u00e9s Cepeda &#8211; VENCEDOR<\/p>\n<p>Cursi &#8211; Zoe Gotusso<\/p>\n<p>Lo Que Nos Falt\u00f3 Decir &#8211; Jesse &amp; Joy<\/p>\n<p>Natalia Lafourcade Live At Carnegie Hall &#8211; Natalia Lafourcade<\/p>\n<p>Despu\u00e9s De Los 30 &#8211; Raquel Sof\u00eda<\/p>\n<p>Melhor Can\u00e7\u00e3o Pop<\/p>\n<p>Bogot\u00e1 &#8211; Andr\u00e9s Cepeda<\/p>\n<p>El D\u00eda Del Amigo &#8211; CA7RIEL &amp; Paco Amoroso &#8211; VENCEDOR<\/p>\n<p>Querida Yo &#8211; Yami Safdie &amp; Camilo<\/p>\n<p>Soltera &#8211; Shakira<\/p>\n<p>Te Quiero &#8211; Nicole Zignago<\/p>\n<p>Melhor \u00c1lbum de Engenharia de Grava\u00e7\u00e3o<\/p>\n<p>Bodhiria \u2013 Judeline<\/p>\n<p>Caju \u2013 Liniker<\/p>\n<p>Cancionera \u2013 Natalia Lafourcade &#8211; VENCEDORA<\/p>\n<p>Enquanto Os Distra\u00eddos Amam \u2013 Pedro Em\u00edlio<\/p>\n<p>Love Cole Porter \u2013 Antonio Adolfo<\/p>\n<p>Melhor \u00c1lbum de Samba\/Pagode<\/p>\n<p>&#8220;Alcione&#8221; \u2013 Alcione<\/p>\n<p>&#8220;Manual Pr\u00e1tico Do Novo Samba Tradicional, Vol. 2: Tia Darci&#8221; \u2013 Marcelo D2<\/p>\n<p>&#8220;Pagode Da Mart&#8217;n\u00e1lia&#8221; \u2013 Mart&#8217;n\u00e1lia<\/p>\n<p>&#8220;Zeca Pagodinho &#8211; 40 Anos (Ao Vivo)&#8221; \u2013 Zeca Pagodinho<\/p>\n<p>&#8220;Sorriso Eu Gosto No Pagode Vol. 3 &#8211; Homenagem Ao Fundo De Quintal (Gravado Em Londres)&#8221; \u2013 Sorriso Maroto &#8211; VENCEDOR<\/p>\n<p>Melhor \u00c1lbum de M\u00fasica Popular Brasileira\/M\u00fasica Afro Portuguesa Brasileira<\/p>\n<p>&#8220;Sentido&#8221; \u2013 5 A Seco<\/p>\n<p>&#8220;Um Mar Pra Cada Um&#8221; \u2013 Luedji Luna &#8211; VENCEDORA<\/p>\n<p>&#8220;Pique&#8221; \u2013 Dora Morelenbaum<\/p>\n<p>&#8220;Divina Casca&#8221; \u2013 Rachel Reis<\/p>\n<p>Beleza. Mas Agora A Gente Faz O Que Com Isso? \u2013 Rubel<\/p>\n<p>Melhor Can\u00e7\u00e3o em L\u00edngua Portuguesa<\/p>\n<p>&#8220;Maravilhosamente Bem&#8221; \u2013 Julia Mestre<\/p>\n<p>&#8220;Ouro De Tolo&#8221; \u2013 Marina Sena<\/p>\n<p>&#8220;Transe&#8221; \u2013 Z\u00e9 Ibarra<\/p>\n<p>&#8220;Um Vento Passou (Para Paul Simon)&#8221; \u2013 Milton Nascimento &amp; Esperanza Spalding Featuring Paul Simon<\/p>\n<p>&#8220;Veludo Marrom&#8221; \u2013 Liniker &#8211; VENCEDORA<\/p>\n<p>Melhor \u00c1lbum de M\u00fasica de Ra\u00edzes em L\u00edngua Portuguesa<\/p>\n<p>&#8220;Casa Cora\u00e7\u00e3o&#8221; \u2013 Joyce Alane<\/p>\n<p>&#8220;Ao Vivo No Ccb: Homenagem A Jos\u00e9 M\u00e1rio Branco&#8221; \u2013 Caman\u00e9<\/p>\n<p>&#8220;Universo De Paix\u00e3o&#8221; \u2013 Natascha Falc\u00e3o<\/p>\n<p>&#8220;Transespacial&#8221; \u2013 Fitti<\/p>\n<p>&#8220;Dominguinho&#8221; \u2013 Jo\u00e3o Gomes, Mestrinho e Jota.p\u00ea &#8211; VENCEDOR<\/p>\n<p>Melhor Interpreta\u00e7\u00e3o Urbana em L\u00edngua Portuguesa<\/p>\n<p>&#8220;S\u00f3 Quero Ver&#8221; \u2013 BK\u2019 &amp; Evinha<\/p>\n<p>&#8220;Demoro A Dormir&#8221; \u2013 Djonga Featuring Milton Nascimento<\/p>\n<p>&#8220;Caju&#8221; \u2013 Liniker &#8211; VENCEDORA<\/p>\n<p>&#8220;A Dan\u00e7a (Ao Vivo)&#8221; \u2013 Mc Hariel &amp; Gilberto Gil<\/p>\n<p>&#8220;Barbie&#8221; \u2013 Mc Tuto Featuring Dj Glenner<\/p>\n<p>Melhor \u00c1lbum de M\u00fasica Alternativa<\/p>\n<p>PARA QUIEN TRABAJAS Vol. I &#8211; Marilina Bertoldi<\/p>\n<p>Papota &#8211; CA7RIEL &amp; Paco Amoroso &#8211; VENCEDOR<\/p>\n<p>Bodhiria &#8211; Judeline<\/p>\n<p>TODOS LOS D\u00cdAS TODO EL D\u00cdA &#8211; Latin Mafia<\/p>\n<p>DAISY &#8211; Rusowsky<\/p>\n<p>Melhor \u00c1lbum Pop\/Rock<\/p>\n<p>V\u00e1ndalos &#8211; Bandalos Chinos<\/p>\n<p>Malhablado &#8211; Diamante El\u00e9ctrico<\/p>\n<p>Malcriado &#8211; Lasso<\/p>\n<p>El \u00daltimo D\u00eda De Nuestras Vidas &#8211; Dani Mart\u00edn<\/p>\n<p>Ya Es Ma\u00f1ana &#8211; Morat &#8211; VENCEDOR<\/p>\n<p>R &#8211; RENEE<\/p>\n<p>Melhor Can\u00e7\u00e3o Alternativa<\/p>\n<p>El Ritmo &#8211; Salvador Colombo, songwriter (Bandalos Chinos)<\/p>\n<p>Joropo &#8211; Javier Fern\u00e1ndez Blanco, Pablo G\u00f3mez Cano, Roberto Gutierrez Acosta, Andr\u00e9s De Las Heras, Judeline &amp; Pablo L\u00f3pez Garc\u00eda, songwriters (Judeline)<\/p>\n<p>Siento Que Merezco M\u00e1s &#8211; Latin Mafia, songwriters (Latin Mafia)<\/p>\n<p>(Sola) &#8211; Paloma Morphy, songwriter (Paloma Morphy)<\/p>\n<p>#Tetas &#8211; Rafa Arcaute, Gino Borri, CA7RIEL &amp; Paco Amoroso, Gale, Vicente Jim\u00e9nez &#8220;Vibarco&#8221; &amp; Federico Vindver, songwriters (CA7RIEL &amp; Paco Amoroso) &#8211; VENCEDOR<\/p>\n<p>Melhor \u00c1lbum de Pop Contempor\u00e2neo em L\u00edngua Portuguesa<\/p>\n<p>&#8220;No Escuro, Quem \u00c9 Voc\u00ea?&#8221; \u2013 Carol Biazin<\/p>\n<p>&#8220;Fugacidade&#8221; \u2013 Janeiro<\/p>\n<p>&#8220;Caju&#8221; \u2013 Liniker &#8211; VENCEDORA<\/p>\n<p>&#8220;Maravilhosamente Bem&#8221; \u2013 Julia Mestre<\/p>\n<p>&#8220;Coisas Naturais&#8221; \u2013 Marina Sena<\/p>\n<p>Melhor \u00c1lbum Pop Contempor\u00e2neo<\/p>\n<p>Cuarto Azul &#8211; Aitana<\/p>\n<p>Palacio &#8211; Elsa y Elmar<\/p>\n<p>Al Romper La Burbuja &#8211; Joaquina<\/p>\n<p>En Las Nubes &#8211; Con Mis Panas &#8211; Elena Rose<\/p>\n<p>\u00bfY Ahora Qu\u00e9? &#8211; Alejandro Sanz &#8211; VENCEDOR<\/p>\n<p>Compositor do ano<\/p>\n<p>Edgar Barrera &#8211; VENCEDOR<\/p>\n<p>Jo\u00e3o Ferreira<\/p>\n<p>Pablo Preciado<\/p>\n<p>M\u00f3nica V\u00e9lez<\/p>\n<p>Ale Z\u00e9guer<\/p>\n<p>Produtor do Ano<\/p>\n<p>Rafa Arcaute, Federico Vindver &#8211; VENCEDOR<\/p>\n<p>Edgar Barrera<\/p>\n<p>Nico Cotton &#8211; VENCEDOR<\/p>\n<p>Andres Torres, Mauricio Rengifo<\/p>\n<p>Matheus Stiirmer<\/p>\n<p>Melhor \u00c1lbum de M\u00fasica Urbana<\/p>\n<p>Deb\u00ed Tirar M\u00e1s Fotos &#8211; Bad Bunny &#8211; VENCEDOR<\/p>\n<p>Underwater &#8211; Fariana<\/p>\n<p>Naiki &#8211; Nicki Nicole<\/p>\n<p>MPC (M\u00fasica Popular Carioca) &#8211; Papatinho<\/p>\n<p>Elyte &#8211; Yandel<\/p>\n<p>Melhor Can\u00e7\u00e3o Urbana<\/p>\n<p>Cosas Pendientes &#8211; \u00c9dgar Barrera, Kevyn Mauricio Cruz Moreno, Luis Miguel G\u00f3mez Casta\u00f1o, Manuel Lorente Freire &amp; Maluma, songwriters (Maluma)<\/p>\n<p>DtMF- Bad Bunny, Scott Dittrich, JULiA LEWiS, MAG, Roberto Jose Rosado Torres, Hugo Rene Sencion Sanabria &amp; Tyler Spry, songwriters (Bad Bunny) &#8211; VENCEDOR<\/p>\n<p>En La City &#8211; Trueno &amp; Young Miko, songwriters (Trueno Featuring Young Miko)<\/p>\n<p>LA MuDANZA &#8211; Bad Bunny, Julio Gast\u00f3n, Luis Amed Irizarry, Marcos Masis, Jay Anthony Nu\u00f1ez &amp; Roberto Jose Rosado Torres, songwriters (Bad Bunny)<\/p>\n<p>Xq Eres As\u00ed &#8211; Alejandro Avila, Alvaro D\u00edaz, Manuel Lara, Nathy Peluso &amp; Joyce Francue Santana Febres, songwriters (Alvaro Diaz Featuring Nathy Peluso)<\/p>\n<p>App <b>+Gazeta<\/b><\/p>\n<p>Confira not\u00edcias no app, ou\u00e7a a r\u00e1dio, leia a edi\u00e7\u00e3o digital e acesse outros recursos<\/p>\n<p><a aria-label=\"baixar aplicativo na google play\" href=\"https:\/\/play.google.com\/store\/apps\/details?id=br.com.gazetadealagoas.plus.app&amp;pcampaignid=web_share\" rel=\"nofollow noopener\" target=\"_blank\"><img decoding=\"async\" loading=\"lazy\" style=\"object-fit:cover\" src=\"https:\/\/www.europesays.com\/pt\/wp-content\/uploads\/2025\/08\/google-play-original.webp.webp\" width=\"120\" height=\"35\" alt=\"Aplicativo na Google Play\"\/><\/a> <a aria-label=\"baixar aplicativo na app store\" href=\"https:\/\/apps.apple.com\/br\/app\/gazeta\/id6479646633\" rel=\"nofollow noopener\" target=\"_blank\"><img decoding=\"async\" loading=\"lazy\" style=\"object-fit:cover\" src=\"https:\/\/www.europesays.com\/pt\/wp-content\/uploads\/2025\/08\/app-store-original.webp.webp\" width=\"120\" height=\"35\" alt=\"Aplicativo na App Store\"\/><\/a><img decoding=\"async\" loading=\"lazy\" src=\"https:\/\/www.europesays.com\/pt\/wp-content\/uploads\/2025\/08\/app_gazeta.png\" width=\"120\" height=\"35\" alt=\"Aplicativo na App Store\"\/><\/p>\n","protected":false},"excerpt":{"rendered":"Liniker aceita o pr\u00eamio de Melhor Can\u00e7\u00e3o em L\u00edngua Portuguesa por &#8220;Veludo Marrom&#8221; durante a 26\u00aa Cerim\u00f4nia Anual&hellip;\n","protected":false},"author":2,"featured_media":159901,"comment_status":"","ping_status":"","sticky":false,"template":"","format":"standard","meta":{"footnotes":""},"categories":[141],"tags":[114,115,149,150,32,33],"class_list":{"0":"post-159900","1":"post","2":"type-post","3":"status-publish","4":"format-standard","5":"has-post-thumbnail","7":"category-musica","8":"tag-entertainment","9":"tag-entretenimento","10":"tag-music","11":"tag-musica","12":"tag-portugal","13":"tag-pt"},"share_on_mastodon":{"url":"https:\/\/pubeurope.com\/@pt\/115587499336347415","error":""},"_links":{"self":[{"href":"https:\/\/www.europesays.com\/pt\/wp-json\/wp\/v2\/posts\/159900","targetHints":{"allow":["GET"]}}],"collection":[{"href":"https:\/\/www.europesays.com\/pt\/wp-json\/wp\/v2\/posts"}],"about":[{"href":"https:\/\/www.europesays.com\/pt\/wp-json\/wp\/v2\/types\/post"}],"author":[{"embeddable":true,"href":"https:\/\/www.europesays.com\/pt\/wp-json\/wp\/v2\/users\/2"}],"replies":[{"embeddable":true,"href":"https:\/\/www.europesays.com\/pt\/wp-json\/wp\/v2\/comments?post=159900"}],"version-history":[{"count":0,"href":"https:\/\/www.europesays.com\/pt\/wp-json\/wp\/v2\/posts\/159900\/revisions"}],"wp:featuredmedia":[{"embeddable":true,"href":"https:\/\/www.europesays.com\/pt\/wp-json\/wp\/v2\/media\/159901"}],"wp:attachment":[{"href":"https:\/\/www.europesays.com\/pt\/wp-json\/wp\/v2\/media?parent=159900"}],"wp:term":[{"taxonomy":"category","embeddable":true,"href":"https:\/\/www.europesays.com\/pt\/wp-json\/wp\/v2\/categories?post=159900"},{"taxonomy":"post_tag","embeddable":true,"href":"https:\/\/www.europesays.com\/pt\/wp-json\/wp\/v2\/tags?post=159900"}],"curies":[{"name":"wp","href":"https:\/\/api.w.org\/{rel}","templated":true}]}}