{"id":159906,"date":"2025-11-21T11:42:10","date_gmt":"2025-11-21T11:42:10","guid":{"rendered":"https:\/\/www.europesays.com\/pt\/159906\/"},"modified":"2025-11-21T11:42:10","modified_gmt":"2025-11-21T11:42:10","slug":"vacinacao-segue-disponivel-neste-final-de-semana-22-e-23-11-manutencao-altera-servico-no-fim-de-semana","status":"publish","type":"post","link":"https:\/\/www.europesays.com\/pt\/159906\/","title":{"rendered":"Vacina\u00e7\u00e3o segue dispon\u00edvel neste final de semana (22 e 23\/11); manuten\u00e7\u00e3o altera servi\u00e7o no fim de semana"},"content":{"rendered":"<p>O fortalezense que deseja atualizar a caderneta de vacina\u00e7\u00e3o tem a op\u00e7\u00e3o de se vacinar tamb\u00e9m em feriados e fins de semana. Excepcionalmente neste fim de semana (22 e 23\/11), o posto de sa\u00fade Geraldo Madeira Sobrinho (Pio XII) passar\u00e1 por manuten\u00e7\u00e3o programada, o que impedir\u00e1 o servi\u00e7o de vacina\u00e7\u00e3o na unidade. Assim, nesses dois dias, a imuniza\u00e7\u00e3o estar\u00e1 dispon\u00edvel nos postos Mattos Dourado, no bairro Edson Queiroz e Irm\u00e3 Herc\u00edlia, no bairro S\u00e3o Jo\u00e3o do Tauape, das 8h30 \u00e0s 16h30.<\/p>\n<p><strong>Vacina\u00e7\u00e3o em Fortaleza<\/strong><\/p>\n<p>Al\u00e9m das unidades que funcionam aos s\u00e1bados, domingos e feriados, a Capital conta, de segunda a sexta-feira, com 134 postos de sa\u00fade ofertando vacina\u00e7\u00e3o das 7h30 \u00e0s 18h30.<\/p>\n<p><strong>Vacinas dispon\u00edveis<\/strong><\/p>\n<p>BCG; Hepatite B; Rotav\u00edrus; Pentavalente; VIP (Vacina Inativada contra a Poliomielite); Pneumoc\u00f3cica; Meningoc\u00f3cica C; DTP (Tr\u00edplice Bacteriana); Hepatite A; SCR (tr\u00edplice viral); Varicela; Febre Amarela; HPV; Meningoc\u00f3cica ACWY; dT; Antirr\u00e1bica Humana; dTpa; Influenza; dengue; e covid-19.<\/p>\n<p><strong>Servi\u00e7o<\/strong><br \/>Vacina\u00e7\u00e3o<br \/>Data: 22 e 23\/11 (s\u00e1bado e domingo)<br \/>Hor\u00e1rio: 8h30 \u00e0s 1630<br \/>Locais:<br \/>&#8211; Posto de Sa\u00fade Irm\u00e3 Herc\u00edlia (Rua Frei Vidal, 1821 &#8211; S\u00e3o Jo\u00e3o do Tauape)<br \/>&#8211; Posto de Sa\u00fade Mattos Dourado (Rua Des. Floriano Benevides Magalh\u00e3es, 391 &#8211; Edson Queiroz)<\/p>\n","protected":false},"excerpt":{"rendered":"O fortalezense que deseja atualizar a caderneta de vacina\u00e7\u00e3o tem a op\u00e7\u00e3o de se vacinar tamb\u00e9m em feriados&hellip;\n","protected":false},"author":2,"featured_media":159907,"comment_status":"","ping_status":"","sticky":false,"template":"","format":"standard","meta":{"footnotes":""},"categories":[86],"tags":[116,32,33,117],"class_list":{"0":"post-159906","1":"post","2":"type-post","3":"status-publish","4":"format-standard","5":"has-post-thumbnail","7":"category-saude","8":"tag-health","9":"tag-portugal","10":"tag-pt","11":"tag-saude"},"share_on_mastodon":{"url":"https:\/\/pubeurope.com\/@pt\/115587510806523060","error":""},"_links":{"self":[{"href":"https:\/\/www.europesays.com\/pt\/wp-json\/wp\/v2\/posts\/159906","targetHints":{"allow":["GET"]}}],"collection":[{"href":"https:\/\/www.europesays.com\/pt\/wp-json\/wp\/v2\/posts"}],"about":[{"href":"https:\/\/www.europesays.com\/pt\/wp-json\/wp\/v2\/types\/post"}],"author":[{"embeddable":true,"href":"https:\/\/www.europesays.com\/pt\/wp-json\/wp\/v2\/users\/2"}],"replies":[{"embeddable":true,"href":"https:\/\/www.europesays.com\/pt\/wp-json\/wp\/v2\/comments?post=159906"}],"version-history":[{"count":0,"href":"https:\/\/www.europesays.com\/pt\/wp-json\/wp\/v2\/posts\/159906\/revisions"}],"wp:featuredmedia":[{"embeddable":true,"href":"https:\/\/www.europesays.com\/pt\/wp-json\/wp\/v2\/media\/159907"}],"wp:attachment":[{"href":"https:\/\/www.europesays.com\/pt\/wp-json\/wp\/v2\/media?parent=159906"}],"wp:term":[{"taxonomy":"category","embeddable":true,"href":"https:\/\/www.europesays.com\/pt\/wp-json\/wp\/v2\/categories?post=159906"},{"taxonomy":"post_tag","embeddable":true,"href":"https:\/\/www.europesays.com\/pt\/wp-json\/wp\/v2\/tags?post=159906"}],"curies":[{"name":"wp","href":"https:\/\/api.w.org\/{rel}","templated":true}]}}