{"id":159912,"date":"2025-11-21T11:47:26","date_gmt":"2025-11-21T11:47:26","guid":{"rendered":"https:\/\/www.europesays.com\/pt\/159912\/"},"modified":"2025-11-21T11:47:26","modified_gmt":"2025-11-21T11:47:26","slug":"operario-de-braga-morreu-nas-obras-de-ampliacao-de-teatro-em-lisboa","status":"publish","type":"post","link":"https:\/\/www.europesays.com\/pt\/159912\/","title":{"rendered":"Oper\u00e1rio de Braga morreu nas obras de amplia\u00e7\u00e3o de teatro em Lisboa"},"content":{"rendered":"<p data-remotead-prev-elm=\"true\" data-remotead-elm-id=\"inread\">Fernando Teixeira, oper\u00e1rio da constru\u00e7\u00e3o civil, de 59 anos, morreu v\u00edtima de uma derrocada nas obras de amplia\u00e7\u00e3o do Teatro Aberto, em Lisboa, na manh\u00e3 do dia 7 de novembro. O filho, Pedro Teixeira, queixa-se do &#8220;sil\u00eancio&#8221; \u00e0 volta desta morte e acusa a construtora Ruce e a empresa municipal de reabilita\u00e7\u00e3o urbana, SRU, de terem negligenciado a seguran\u00e7a, conduzindo \u00e0 trag\u00e9dia. O empreiteiro limitou-se a dizer que est\u00e1 a colaborar com as autoridades e a C\u00e2mara de Lisboa refere que a responsabilidade de apurar o que se passou \u00e9 da Autoridade para as Condi\u00e7\u00f5es de Trabalho (ACT).<\/p>\n","protected":false},"excerpt":{"rendered":"Fernando Teixeira, oper\u00e1rio da constru\u00e7\u00e3o civil, de 59 anos, morreu v\u00edtima de uma derrocada nas obras de amplia\u00e7\u00e3o&hellip;\n","protected":false},"author":2,"featured_media":159913,"comment_status":"","ping_status":"","sticky":false,"template":"","format":"standard","meta":{"footnotes":""},"categories":[10],"tags":[34058,1912,27,28,21113,11850,15,16,14,25,26,21,22,12,13,19,20,32,23,24,33,34059,17,18,29,30,31],"class_list":{"0":"post-159912","1":"post","2":"type-post","3":"status-publish","4":"format-standard","5":"has-post-thumbnail","7":"category-portugal","8":"tag-acidente-de-trabalho","9":"tag-braga","10":"tag-breaking-news","11":"tag-breakingnews","12":"tag-concelho-lisboa","13":"tag-construcao","14":"tag-featured-news","15":"tag-featurednews","16":"tag-headlines","17":"tag-latest-news","18":"tag-latestnews","19":"tag-main-news","20":"tag-mainnews","21":"tag-news","22":"tag-noticias","23":"tag-noticias-principais","24":"tag-noticiasprincipais","25":"tag-portugal","26":"tag-principais-noticias","27":"tag-principaisnoticias","28":"tag-pt","29":"tag-teatro-aberto","30":"tag-top-stories","31":"tag-topstories","32":"tag-ultimas","33":"tag-ultimas-noticias","34":"tag-ultimasnoticias"},"share_on_mastodon":{"url":"https:\/\/pubeurope.com\/@pt\/115587530409553356","error":""},"_links":{"self":[{"href":"https:\/\/www.europesays.com\/pt\/wp-json\/wp\/v2\/posts\/159912","targetHints":{"allow":["GET"]}}],"collection":[{"href":"https:\/\/www.europesays.com\/pt\/wp-json\/wp\/v2\/posts"}],"about":[{"href":"https:\/\/www.europesays.com\/pt\/wp-json\/wp\/v2\/types\/post"}],"author":[{"embeddable":true,"href":"https:\/\/www.europesays.com\/pt\/wp-json\/wp\/v2\/users\/2"}],"replies":[{"embeddable":true,"href":"https:\/\/www.europesays.com\/pt\/wp-json\/wp\/v2\/comments?post=159912"}],"version-history":[{"count":0,"href":"https:\/\/www.europesays.com\/pt\/wp-json\/wp\/v2\/posts\/159912\/revisions"}],"wp:featuredmedia":[{"embeddable":true,"href":"https:\/\/www.europesays.com\/pt\/wp-json\/wp\/v2\/media\/159913"}],"wp:attachment":[{"href":"https:\/\/www.europesays.com\/pt\/wp-json\/wp\/v2\/media?parent=159912"}],"wp:term":[{"taxonomy":"category","embeddable":true,"href":"https:\/\/www.europesays.com\/pt\/wp-json\/wp\/v2\/categories?post=159912"},{"taxonomy":"post_tag","embeddable":true,"href":"https:\/\/www.europesays.com\/pt\/wp-json\/wp\/v2\/tags?post=159912"}],"curies":[{"name":"wp","href":"https:\/\/api.w.org\/{rel}","templated":true}]}}