{"id":159914,"date":"2025-11-21T11:48:14","date_gmt":"2025-11-21T11:48:14","guid":{"rendered":"https:\/\/www.europesays.com\/pt\/159914\/"},"modified":"2025-11-21T11:48:14","modified_gmt":"2025-11-21T11:48:14","slug":"incendio-em-predio-em-mira-sintra-faz-pelo-menos-25-feridos-e-ha-um-desaparecido","status":"publish","type":"post","link":"https:\/\/www.europesays.com\/pt\/159914\/","title":{"rendered":"Inc\u00eandio em pr\u00e9dio em Mira Sintra faz pelo menos 25 feridos e h\u00e1 um desaparecido"},"content":{"rendered":"<p><strong>Uma pessoa est\u00e1 desaparecida e 25 ficaram feridas num inc\u00eandio que deflagrou esta sexta-feira de madrugada num oitavo andar de um pr\u00e9dio em Mira-Sintra, no distrito de Lisboa, disse \u00e0 Lusa fonte da prote\u00e7\u00e3o civil, pelas 06:30.<\/strong><\/p>\n<p>&#8220;O inc\u00eandio deflagrou no oitavo andar de um pr\u00e9dio de nove andares. O fogo j\u00e1 foi extinto e est\u00e3o a decorrer buscas para encontrar uma pessoa que est\u00e1 desaparecida. O fogo causou tamb\u00e9m 25 feridos, dois dos quais agentes da PSP, tendo cinco sido transportados ao hospital. Todos por inala\u00e7\u00e3o de fumos&#8221;, disse a fonte do Comando Sub-Regional da Grande Lisboa.<\/p>\n<p>A mesma fonte indicou que o pr\u00e9dio foi evacuado, estando as autoridades a fazer buscas pela pessoa desaparecida e a verificar o estado do edif\u00edcio.<\/p>\n<p>O alerta para o inc\u00eandio, que ficou confinado ao 8.\u00ba andar, foi dado \u00e0s 03:53, estando \u00e0s 06:30 no local 32 operacionais dos bombeiros do Cac\u00e9m, Queluz e Algueir\u00e3o, Instituto Nacional de Emerg\u00eancia M\u00e9dica e PSP, com o apoio de 14 meios.<\/p>\n","protected":false},"excerpt":{"rendered":"Uma pessoa est\u00e1 desaparecida e 25 ficaram feridas num inc\u00eandio que deflagrou esta sexta-feira de madrugada num oitavo&hellip;\n","protected":false},"author":2,"featured_media":159915,"comment_status":"","ping_status":"","sticky":false,"template":"","format":"standard","meta":{"footnotes":""},"categories":[8],"tags":[27,28,15,16,14,25,26,21,22,12,13,19,20,32,23,24,33,17,18,29,30,31],"class_list":{"0":"post-159914","1":"post","2":"type-post","3":"status-publish","4":"format-standard","5":"has-post-thumbnail","7":"category-principais-noticias","8":"tag-breaking-news","9":"tag-breakingnews","10":"tag-featured-news","11":"tag-featurednews","12":"tag-headlines","13":"tag-latest-news","14":"tag-latestnews","15":"tag-main-news","16":"tag-mainnews","17":"tag-news","18":"tag-noticias","19":"tag-noticias-principais","20":"tag-noticiasprincipais","21":"tag-portugal","22":"tag-principais-noticias","23":"tag-principaisnoticias","24":"tag-pt","25":"tag-top-stories","26":"tag-topstories","27":"tag-ultimas","28":"tag-ultimas-noticias","29":"tag-ultimasnoticias"},"share_on_mastodon":{"url":"https:\/\/pubeurope.com\/@pt\/115587534344143284","error":""},"_links":{"self":[{"href":"https:\/\/www.europesays.com\/pt\/wp-json\/wp\/v2\/posts\/159914","targetHints":{"allow":["GET"]}}],"collection":[{"href":"https:\/\/www.europesays.com\/pt\/wp-json\/wp\/v2\/posts"}],"about":[{"href":"https:\/\/www.europesays.com\/pt\/wp-json\/wp\/v2\/types\/post"}],"author":[{"embeddable":true,"href":"https:\/\/www.europesays.com\/pt\/wp-json\/wp\/v2\/users\/2"}],"replies":[{"embeddable":true,"href":"https:\/\/www.europesays.com\/pt\/wp-json\/wp\/v2\/comments?post=159914"}],"version-history":[{"count":0,"href":"https:\/\/www.europesays.com\/pt\/wp-json\/wp\/v2\/posts\/159914\/revisions"}],"wp:featuredmedia":[{"embeddable":true,"href":"https:\/\/www.europesays.com\/pt\/wp-json\/wp\/v2\/media\/159915"}],"wp:attachment":[{"href":"https:\/\/www.europesays.com\/pt\/wp-json\/wp\/v2\/media?parent=159914"}],"wp:term":[{"taxonomy":"category","embeddable":true,"href":"https:\/\/www.europesays.com\/pt\/wp-json\/wp\/v2\/categories?post=159914"},{"taxonomy":"post_tag","embeddable":true,"href":"https:\/\/www.europesays.com\/pt\/wp-json\/wp\/v2\/tags?post=159914"}],"curies":[{"name":"wp","href":"https:\/\/api.w.org\/{rel}","templated":true}]}}