{"id":159916,"date":"2025-11-21T11:49:10","date_gmt":"2025-11-21T11:49:10","guid":{"rendered":"https:\/\/www.europesays.com\/pt\/159916\/"},"modified":"2025-11-21T11:49:10","modified_gmt":"2025-11-21T11:49:10","slug":"liliana-filipa-soma-e-segue-em-nova-polemica-apos-comentario-a-artista-que-pergunta-e-esta","status":"publish","type":"post","link":"https:\/\/www.europesays.com\/pt\/159916\/","title":{"rendered":"Liliana Filipa soma e segue em nova pol\u00e9mica ap\u00f3s coment\u00e1rio a artista: &#8220;Que pergunta \u00e9 esta?&#8221;"},"content":{"rendered":"<p>Em causa est\u00e1 uma entrevista a <strong>Soraia Tavares<\/strong> no seu podcast \u201cPORQUE ELA POD\u201d. Durante a conversa, Liliana afirmou que a cantora \u00e9 \u201c100% portuguesa\u201d. Tanto foi \u2018imperdo\u00e1vel\u2019 que a artista se expressou: \u201c<strong>Acho que se nota na minha cara o desconforto da afirma\u00e7\u00e3o<\/strong> \u2018ser 100% portuguesa\u2019. E eu tentei explicar com simpatia que n\u00e3o sou 100% portuguesa: porque sou negra, porque cresci numa casa cabo-verdiana, e por isso a cultura cabo-verdiana tamb\u00e9m faz parte da minha identidade. Talvez seja importante verem a conversa na \u00edntegra. Obrigada por ouvirem a verdade e bom dia\u201d.<\/p>\n<p>O tema foi debatido no \u2018Passadeira Vermelha\u2019, da SIC Caras, e<strong> Liliana Campos<\/strong> questionou:\u00a0 Que pergunta \u00e9 esta? O que \u00e9 que lhe passou pela cabe\u00e7a?\u201d <strong>Hugo Mendes<\/strong> respondeu de imediato: \u201cN\u00e3o passou.\u201d<\/p>\n<p><strong>Catarina Miranda<\/strong> tentou dar algum perd\u00e3o a Liliana Filipa: . \u201cEu quero acreditar que n\u00e3o era bem isto que queria perguntar\u201d, afirmou. E <strong>Carolina Ortig\u00e3o<\/strong> rematou: \u201cEu acho que tinha a ver com geograficamente. Tem a ver com a parte geogr\u00e1fica. As pessoas interpretaram de outra forma. A inten\u00e7\u00e3o dela era referir-se \u00e0 parte territorial. Expressou-se mal e portanto ficou ali numa situa\u00e7\u00e3o um bocadinho delicada\u201d.<\/p>\n<p>Texto: Maria Constan\u00e7a Castanheira; Fotos: Redes Sociais<\/p>\n","protected":false},"excerpt":{"rendered":"Em causa est\u00e1 uma entrevista a Soraia Tavares no seu podcast \u201cPORQUE ELA POD\u201d. Durante a conversa, Liliana&hellip;\n","protected":false},"author":2,"featured_media":159841,"comment_status":"","ping_status":"","sticky":false,"template":"","format":"standard","meta":{"footnotes":""},"categories":[145],"tags":[211,210,114,115,32,33],"class_list":{"0":"post-159916","1":"post","2":"type-post","3":"status-publish","4":"format-standard","5":"has-post-thumbnail","7":"category-celebridades","8":"tag-celebridades","9":"tag-celebrities","10":"tag-entertainment","11":"tag-entretenimento","12":"tag-portugal","13":"tag-pt"},"share_on_mastodon":{"url":"https:\/\/pubeurope.com\/@pt\/115587538079211596","error":""},"_links":{"self":[{"href":"https:\/\/www.europesays.com\/pt\/wp-json\/wp\/v2\/posts\/159916","targetHints":{"allow":["GET"]}}],"collection":[{"href":"https:\/\/www.europesays.com\/pt\/wp-json\/wp\/v2\/posts"}],"about":[{"href":"https:\/\/www.europesays.com\/pt\/wp-json\/wp\/v2\/types\/post"}],"author":[{"embeddable":true,"href":"https:\/\/www.europesays.com\/pt\/wp-json\/wp\/v2\/users\/2"}],"replies":[{"embeddable":true,"href":"https:\/\/www.europesays.com\/pt\/wp-json\/wp\/v2\/comments?post=159916"}],"version-history":[{"count":0,"href":"https:\/\/www.europesays.com\/pt\/wp-json\/wp\/v2\/posts\/159916\/revisions"}],"wp:featuredmedia":[{"embeddable":true,"href":"https:\/\/www.europesays.com\/pt\/wp-json\/wp\/v2\/media\/159841"}],"wp:attachment":[{"href":"https:\/\/www.europesays.com\/pt\/wp-json\/wp\/v2\/media?parent=159916"}],"wp:term":[{"taxonomy":"category","embeddable":true,"href":"https:\/\/www.europesays.com\/pt\/wp-json\/wp\/v2\/categories?post=159916"},{"taxonomy":"post_tag","embeddable":true,"href":"https:\/\/www.europesays.com\/pt\/wp-json\/wp\/v2\/tags?post=159916"}],"curies":[{"name":"wp","href":"https:\/\/api.w.org\/{rel}","templated":true}]}}