{"id":159917,"date":"2025-11-21T11:54:13","date_gmt":"2025-11-21T11:54:13","guid":{"rendered":"https:\/\/www.europesays.com\/pt\/159917\/"},"modified":"2025-11-21T11:54:13","modified_gmt":"2025-11-21T11:54:13","slug":"homem-aranha-do-tobey-maguire-retorna-com-visual-totalmente-diferente","status":"publish","type":"post","link":"https:\/\/www.europesays.com\/pt\/159917\/","title":{"rendered":"Homem-Aranha do Tobey Maguire retorna com visual totalmente diferente"},"content":{"rendered":"<p><a href=\"https:\/\/legadodamarvel.com.br\/filme\/vingadores-doomsday\" rel=\"nofollow noopener\" target=\"_blank\">Vingadores 5: Doomsday<\/a> contar\u00e1 com o retorno de diversos her\u00f3is da Marvel, inclusive do <strong>Homem-Aranha<\/strong>. Mas n\u00e3o da vers\u00e3o que voc\u00ea esperaria.<\/p>\n<p>Ao inv\u00e9s do <a href=\"https:\/\/legadodamarvel.com.br\/tag\/tom-holland\" rel=\"nofollow noopener\" target=\"_blank\">Tom Holland<\/a>, o Homem-Aranha atual do MCU, quem ir\u00e1 aparecer no filme \u00e9 o <a href=\"https:\/\/legadodamarvel.com.br\/tag\/tobey-maguire\" rel=\"nofollow noopener\" target=\"_blank\">Tobey Maguire<\/a>, para a alegria de v\u00e1rios f\u00e3s.<\/p>\n<p>Tom Holland n\u00e3o p\u00f4de participar das filmagens do filme por conflitos de agenda. O ator estava ocupado gravando A Odisseia e depois <a href=\"https:\/\/legadodamarvel.com.br\/tag\/homem-aranha-um-novo-dia\" rel=\"nofollow noopener\" target=\"_blank\">Homem-Aranha: Um Novo Dia<\/a>.<\/p>\n<p>Em Vingadores 5 o Homem-Aranha ter\u00e1 um visual totalmente diferente!<\/p>\n<p>Sendo assim, a Marvel encontrou um substituo perfeito na vers\u00e3o do Tobey Maguire, enquanto o Tom Holland deve aparecer apenas em <a href=\"https:\/\/legadodamarvel.com.br\/filme\/vingadores-guerras-secretas\" rel=\"nofollow noopener\" target=\"_blank\">Vingadores: Guerras Secretas<\/a> (2027).<\/p>\n<p>Al\u00e9m disso, agora o insider <a href=\"https:\/\/x.com\/variablelace\/status\/1991177727215345898?s=46\" rel=\"nofollow\">Alex<\/a>, que j\u00e1 vazou diversas fotos de produ\u00e7\u00f5es da Marvel, p\u00f4de conferir uma imagem do Tobey Maguire no filme, e revelou detalhes.<\/p>\n<p>De acordo com a fonte, em Vingadores 5, o Homem-Aranha do Tobey retornar\u00e1<strong> usando uma barba<\/strong>, um visual nunca visto antes no personagem.<\/p>\n<p>Al\u00e9m disso, outra novidade: na foto vista, ele estava suando um terno de captura de movimentos, e n\u00e3o um uniforme pr\u00e1tico do Homem-Aranha. Ou seja, ser\u00e1 a primeira que o Tobey n\u00e3o usar\u00e1 um uniforme de verdade nas filmagens.<\/p>\n<p>O que essas mudan\u00e7a representam?<\/p>\n<p>De acordo com a <a href=\"https:\/\/x.com\/MyTimeToShineH\/status\/1991520660192129314\" rel=\"nofollow\">MTTSH<\/a>, em Vingadores 5 o Tobey Maguire filmou suas cenas como Homem-Aranha usando um terno de captura de movimentos pois o seu uniforme ainda n\u00e3o estava pronto. Ele ser\u00e1 inserido digitalmente na p\u00f3s-produ\u00e7\u00e3o.<\/p>\n<p>J\u00e1 a barba pode representar que se passou um tempo desde a sua \u00faltima apari\u00e7\u00e3o em <a href=\"https:\/\/legadodamarvel.com.br\/tag\/homem-aranha-sem-volta-para-casa\" rel=\"nofollow noopener\" target=\"_blank\">Homem-Aranha: Sem Volta Para Casa<\/a>. Anteriormente, tamb\u00e9m foi noticiado que ele ter\u00e1 uma das melhores cenas de a\u00e7\u00e3o do filme, <a href=\"https:\/\/legadodamarvel.com.br\/vingadores-5-vazamento-entrega-que-tobey-maguire-tera-a-melhor-cena-de-acao-do-filme\/\" rel=\"nofollow noopener\" target=\"_blank\">confira<\/a>.<\/p>\n<p><strong>LEIA TAMB\u00c9M:<\/strong><\/p>\n<p>O que acharam? Deixe sua opini\u00e3o nos coment\u00e1rios e, por fim, continue acompanhando o\u00a0<strong>Legado da Marvel\u00a0<\/strong>para n\u00e3o perder nenhuma novidade!<\/p>\n","protected":false},"excerpt":{"rendered":"Vingadores 5: Doomsday contar\u00e1 com o retorno de diversos her\u00f3is da Marvel, inclusive do Homem-Aranha. Mas n\u00e3o da&hellip;\n","protected":false},"author":2,"featured_media":159918,"comment_status":"","ping_status":"","sticky":false,"template":"","format":"standard","meta":{"footnotes":""},"categories":[140],"tags":[114,115,147,148,146,32,33,12151,14176],"class_list":{"0":"post-159917","1":"post","2":"type-post","3":"status-publish","4":"format-standard","5":"has-post-thumbnail","7":"category-filmes","8":"tag-entertainment","9":"tag-entretenimento","10":"tag-film","11":"tag-filmes","12":"tag-movies","13":"tag-portugal","14":"tag-pt","15":"tag-tobey-maguire","16":"tag-vingadores-doomsday"},"share_on_mastodon":{"url":"https:\/\/pubeurope.com\/@pt\/115587557999349065","error":""},"_links":{"self":[{"href":"https:\/\/www.europesays.com\/pt\/wp-json\/wp\/v2\/posts\/159917","targetHints":{"allow":["GET"]}}],"collection":[{"href":"https:\/\/www.europesays.com\/pt\/wp-json\/wp\/v2\/posts"}],"about":[{"href":"https:\/\/www.europesays.com\/pt\/wp-json\/wp\/v2\/types\/post"}],"author":[{"embeddable":true,"href":"https:\/\/www.europesays.com\/pt\/wp-json\/wp\/v2\/users\/2"}],"replies":[{"embeddable":true,"href":"https:\/\/www.europesays.com\/pt\/wp-json\/wp\/v2\/comments?post=159917"}],"version-history":[{"count":0,"href":"https:\/\/www.europesays.com\/pt\/wp-json\/wp\/v2\/posts\/159917\/revisions"}],"wp:featuredmedia":[{"embeddable":true,"href":"https:\/\/www.europesays.com\/pt\/wp-json\/wp\/v2\/media\/159918"}],"wp:attachment":[{"href":"https:\/\/www.europesays.com\/pt\/wp-json\/wp\/v2\/media?parent=159917"}],"wp:term":[{"taxonomy":"category","embeddable":true,"href":"https:\/\/www.europesays.com\/pt\/wp-json\/wp\/v2\/categories?post=159917"},{"taxonomy":"post_tag","embeddable":true,"href":"https:\/\/www.europesays.com\/pt\/wp-json\/wp\/v2\/tags?post=159917"}],"curies":[{"name":"wp","href":"https:\/\/api.w.org\/{rel}","templated":true}]}}