{"id":159923,"date":"2025-11-21T11:59:20","date_gmt":"2025-11-21T11:59:20","guid":{"rendered":"https:\/\/www.europesays.com\/pt\/159923\/"},"modified":"2025-11-21T11:59:20","modified_gmt":"2025-11-21T11:59:20","slug":"europa-quer-eletricos-acessiveis-e-a-byd-tem-um-e-car-pronto-a-chegar-por-15-mil-euros","status":"publish","type":"post","link":"https:\/\/www.europesays.com\/pt\/159923\/","title":{"rendered":"Europa quer el\u00e9tricos acess\u00edveis e a BYD tem um E-Car pronto a chegar por 15 mil euros"},"content":{"rendered":"<p>A Europa precisa de carros el\u00e9tricos realmente acess\u00edveis e vive um momento decisivo na defini\u00e7\u00e3o do seu futuro autom\u00f3vel. A BYD surge como uma das marcas bem posicionadas para responder a esta necessidade. Mas estar\u00e1 o mercado europeu preparado para a filosofia dos kei cars? O Racco, <a target=\"_blank\" href=\"https:\/\/pplware.sapo.pt\/motores\/byd-prepara-se-para-desafiar-o-mercado-do-japao-com-um-novo-kei-car\/\" rel=\"nofollow noopener\">apresentado recentemente<\/a> no Jap\u00e3o, pode ser precisamente o tipo de E-Car que poder\u00e1 vir a preencher essa lacuna.<\/p>\n<p><a target=\"_blank\" href=\"https:\/\/pplware.sapo.pt\/wp-content\/uploads\/2025\/11\/byd_racco_00.webp\" rel=\"nofollow noopener\"><img fetchpriority=\"high\" decoding=\"async\" src=\"https:\/\/www.europesays.com\/pt\/wp-content\/uploads\/2025\/11\/byd_racco_00-720x405.webp.webp\" alt=\"\" width=\"720\" height=\"405\" class=\"aligncenter size-medium wp-image-1089568\"  \/><\/a><\/p>\n<p>A <a target=\"_blank\" href=\"https:\/\/pplware.sapo.pt\/motores\/nao-aos-e-cars-a-europa-pode-fabricar-carros-eletricos-baratos-se-quiser\/\" rel=\"nofollow noopener\">Europa enfrenta um dilema pertinente<\/a> no caminho para a mobilidade el\u00e9trica: poder\u00e1 realmente oferecer carros urbanos acess\u00edveis que respondam \u00e0 exig\u00eancia de sustentabilidade sem se perder em regulamentos complexos e pre\u00e7os elevados?<\/p>\n<p>Segundo a proposta da categoria de ve\u00edculos &#8220;E-Cars&#8221;, a resposta pode passar por modelos 100% el\u00e9tricos, <strong>produzidos localmente e com pre\u00e7os entre os 15.000 e 20.000 euros<\/strong>.<\/p>\n<p>Nesta conjuntura, a BYD surge com o seu novo modelo Racco, concebido desde j\u00e1 para o mercado japon\u00eas, mas com o olhar voltado para a Europa, pronto para explorar esse espa\u00e7o que muitos at\u00e9 agora consideravam dif\u00edcil de rentabilizar.<\/p>\n<p><a target=\"_blank\" href=\"https:\/\/pplware.sapo.pt\/wp-content\/uploads\/2025\/11\/byd_racco_01.webp\" rel=\"nofollow noopener\"><img loading=\"lazy\" decoding=\"async\" src=\"https:\/\/www.europesays.com\/pt\/wp-content\/uploads\/2025\/11\/byd_racco_01-720x405.webp.webp\" alt=\"\" width=\"720\" height=\"405\" class=\"aligncenter size-medium wp-image-1089569\"  \/><\/a><\/p>\n<p>Europa \u00e0 procura de el\u00e9tricos econ\u00f3micos<\/p>\n<p>A <strong>10 de dezembro<\/strong> ser\u00e3o conhecidos novos detalhes sobre a categoria E-Cars na Uni\u00e3o Europeia. A Comiss\u00e3o Europeia ir\u00e1 apresentar a atualiza\u00e7\u00e3o da sua estrat\u00e9gia para acelerar a eletrifica\u00e7\u00e3o do parque autom\u00f3vel, e estes ve\u00edculos <strong>Econ\u00f3micos<\/strong>, <strong>Ecol\u00f3gicos<\/strong>, <strong>Europeus<\/strong> e <strong>El\u00e9tricos<\/strong> poder\u00e3o assumir um papel central.<\/p>\n<p>O objetivo passa por revitalizar um segmento que foi muito popular antes da pandemia, mas que perdeu for\u00e7a devido ao aumento de pre\u00e7os, \u00e0s dificuldades industriais e \u00e0s exig\u00eancias regulamentares que afastaram as marcas deste tipo de propostas.<\/p>\n<p>Uma eventual nova categoria regulamentar poder\u00e1 beneficiar muitas fabricantes, incluindo a chinesa BYD, cada vez mais influente no mercado global.<\/p>\n<p><a target=\"_blank\" href=\"https:\/\/pplware.sapo.pt\/wp-content\/uploads\/2025\/11\/byd_racco_02.webp\" rel=\"nofollow noopener\"><img loading=\"lazy\" decoding=\"async\" src=\"https:\/\/www.europesays.com\/pt\/wp-content\/uploads\/2025\/11\/byd_racco_02-720x405.webp.webp\" alt=\"\" width=\"720\" height=\"405\" class=\"aligncenter size-medium wp-image-1089571\"  \/><\/a><\/p>\n<p>BYD Racco pode estar a caminho do mercado europeu<\/p>\n<p>O movimento da BYD \u00e9 coerente com a sua estrat\u00e9gia. A marca apresentou no Sal\u00e3o Autom\u00f3vel de T\u00f3quio o Racco, <strong>um kei car el\u00e9trico com apenas 3,4 metros<\/strong>, criado para competir com as alternativas econ\u00f3micas de fabricantes como Toyota, Honda e Nissan.<\/p>\n<p>A vice-presidente da BYD, Stella Li, deixou, entretanto, o aviso: em fun\u00e7\u00e3o da evolu\u00e7\u00e3o da legisla\u00e7\u00e3o europeia, o Racco poder\u00e1 vir para a Europa.<\/p>\n<p>Segundo afirmou, a empresa est\u00e1 atenta \u00e0 regulamenta\u00e7\u00e3o da UE e n\u00e3o descarta trazer o carro para o nosso mercado caso haja espa\u00e7o regulamentar.<\/p>\n<p><a target=\"_blank\" href=\"https:\/\/pplware.sapo.pt\/wp-content\/uploads\/2025\/11\/byd_racco_03.webp\" rel=\"nofollow noopener\"><img loading=\"lazy\" decoding=\"async\" src=\"https:\/\/www.europesays.com\/pt\/wp-content\/uploads\/2025\/11\/byd_racco_03-720x405.webp.webp\" alt=\"\" width=\"720\" height=\"405\" class=\"aligncenter size-medium wp-image-1089572\"  \/><\/a><\/p>\n<p>Os E-Cars poder\u00e3o precisamente criar essa oportunidade, permitindo modelos que n\u00e3o tenham de cumprir todas as exig\u00eancias atuais de seguran\u00e7a e emiss\u00f5es, <strong>reduzindo assim o pre\u00e7o final para valores a partir dos 15 mil euros<\/strong>.<\/p>\n<p>A Europa quer proteger a produ\u00e7\u00e3o local, mas a BYD j\u00e1 est\u00e1 a instalar capacidade industrial no continente. A primeira f\u00e1brica europeia, na Hungria, entra em funcionamento este ano.<\/p>\n<p>Em 2026 ser\u00e1 inaugurada outra unidade na Turquia e j\u00e1 se discute uma terceira, com forte hip\u00f3tese de ser em Espanha. O BYD Dolphin Surf ser\u00e1 o primeiro modelo produzido na Hungria, mas o Racco poder\u00e1 encaixar naturalmente na linha europeia, caso a nova categoria avance.<\/p>\n<p>As caracter\u00edsticas do BYD Racco<\/p>\n<p>A estrat\u00e9gia seria particularmente inteligente para a marca, que tem demonstrado enorme for\u00e7a al\u00e9m-fronteiras. Ainda assim, Stella Li deixou claro que a <strong>chegada do Racco \u00e0 Europa n\u00e3o \u00e9 uma prioridade imediata<\/strong>, dado o foco atual em novos el\u00e9tricos, h\u00edbridos plug-in, expans\u00e3o de marcas e redes de carregamento.<\/p>\n<p>No Jap\u00e3o, o Racco ser\u00e1 vendido com um \u00fanico motor el\u00e9trico, <strong>bateria LFP de 20 kWh<\/strong>, autonomia de 180 km e carregamento r\u00e1pido at\u00e9 100 kW.<\/p>\n<p>Caso venha para a Europa, poder\u00e1 receber pequenas adapta\u00e7\u00f5es, incluindo um ligeiro aumento de tamanho, mantendo-se como o modelo de acesso da BYD e refor\u00e7ando a sua capacidade de competir no segmento urbano.<\/p>\n<p>\u00a0<\/p>\n<p>Leia tamb\u00e9m:<\/p>\n","protected":false},"excerpt":{"rendered":"A Europa precisa de carros el\u00e9tricos realmente acess\u00edveis e vive um momento decisivo na defini\u00e7\u00e3o do seu futuro&hellip;\n","protected":false},"author":2,"featured_media":159924,"comment_status":"","ping_status":"","sticky":false,"template":"","format":"standard","meta":{"footnotes":""},"categories":[83],"tags":[88,3895,32746,89,90,34063,32,33,34064],"class_list":{"0":"post-159923","1":"post","2":"type-post","3":"status-publish","4":"format-standard","5":"has-post-thumbnail","7":"category-empresas","8":"tag-business","9":"tag-byd","10":"tag-e-car","11":"tag-economy","12":"tag-empresas","13":"tag-kei-cars","14":"tag-portugal","15":"tag-pt","16":"tag-racco"},"share_on_mastodon":{"url":"https:\/\/pubeurope.com\/@pt\/115587577787571565","error":""},"_links":{"self":[{"href":"https:\/\/www.europesays.com\/pt\/wp-json\/wp\/v2\/posts\/159923","targetHints":{"allow":["GET"]}}],"collection":[{"href":"https:\/\/www.europesays.com\/pt\/wp-json\/wp\/v2\/posts"}],"about":[{"href":"https:\/\/www.europesays.com\/pt\/wp-json\/wp\/v2\/types\/post"}],"author":[{"embeddable":true,"href":"https:\/\/www.europesays.com\/pt\/wp-json\/wp\/v2\/users\/2"}],"replies":[{"embeddable":true,"href":"https:\/\/www.europesays.com\/pt\/wp-json\/wp\/v2\/comments?post=159923"}],"version-history":[{"count":0,"href":"https:\/\/www.europesays.com\/pt\/wp-json\/wp\/v2\/posts\/159923\/revisions"}],"wp:featuredmedia":[{"embeddable":true,"href":"https:\/\/www.europesays.com\/pt\/wp-json\/wp\/v2\/media\/159924"}],"wp:attachment":[{"href":"https:\/\/www.europesays.com\/pt\/wp-json\/wp\/v2\/media?parent=159923"}],"wp:term":[{"taxonomy":"category","embeddable":true,"href":"https:\/\/www.europesays.com\/pt\/wp-json\/wp\/v2\/categories?post=159923"},{"taxonomy":"post_tag","embeddable":true,"href":"https:\/\/www.europesays.com\/pt\/wp-json\/wp\/v2\/tags?post=159923"}],"curies":[{"name":"wp","href":"https:\/\/api.w.org\/{rel}","templated":true}]}}