{"id":159929,"date":"2025-11-21T12:08:14","date_gmt":"2025-11-21T12:08:14","guid":{"rendered":"https:\/\/www.europesays.com\/pt\/159929\/"},"modified":"2025-11-21T12:08:14","modified_gmt":"2025-11-21T12:08:14","slug":"documentario-sobre-pepe-faro-estreia-em-salvador-e-revisita-trajetoria-de-um-dos-nomes-marcantes-do-varejo-baiano","status":"publish","type":"post","link":"https:\/\/www.europesays.com\/pt\/159929\/","title":{"rendered":"Document\u00e1rio sobre Pepe Faro estreia em Salvador e revisita trajet\u00f3ria de um dos nomes marcantes do varejo baiano"},"content":{"rendered":"<p>A hist\u00f3ria de um dos personagens mais emblem\u00e1ticos do varejo e da gastronomia da Bahia chega ao cinema. O document\u00e1rio <strong>\u201cAmigo \u2013 A Biografia de Pepe Faro\u201d<\/strong> estreia em Salvador no dia <strong>2 de dezembro<\/strong>, apresentando a vida do imigrante galego que construiu um legado afetivo e empresarial na capital baiana.<\/p>\n<p><img fetchpriority=\"high\" decoding=\"async\" aria-describedby=\"caption-attachment-222622\" class=\"wp-image-222622 size-medium\" src=\"https:\/\/www.europesays.com\/pt\/wp-content\/uploads\/2025\/11\/aedbb7a3-ea1e-433c-974c-307350a9daa3-606x720.jpg\" alt=\"\" width=\"606\" height=\"720\"  \/><\/p>\n<p id=\"caption-attachment-222622\" class=\"wp-caption-text\">Pr\u00eamio Veja 2004<\/p>\n<p>Dirigido e roteirizado por <strong>Amadeu Alban<\/strong>, o filme percorre a trajet\u00f3ria de <strong>Pepe Faro<\/strong>, 83 anos, desde a inf\u00e2ncia marcada pela fome e pelos efeitos da guerra na Gal\u00edcia at\u00e9 sua chegada a Salvador aos 17 anos. O document\u00e1rio relembra o primeiro emprego no Toror\u00f3 e o encontro com a panifica\u00e7\u00e3o \u2014 profiss\u00e3o que moldaria seu nome. Dessa fase nasceu a Panificadora El\u00e9trica da Barra, que deu origem \u00e0 <strong>Perini<\/strong>, refer\u00eancia na gastronomia local por d\u00e9cadas.<\/p>\n<p><img loading=\"lazy\" decoding=\"async\" aria-describedby=\"caption-attachment-222613\" class=\"wp-image-222613 size-full\" src=\"https:\/\/www.europesays.com\/pt\/wp-content\/uploads\/2025\/11\/4a195205-797f-4ae4-bb4a-8762ecbd61cb.jpg\" alt=\"\" width=\"720\" height=\"549\"\/><\/p>\n<p id=\"caption-attachment-222613\" class=\"wp-caption-text\">Panificadora da Barra<\/p>\n<p>A produ\u00e7\u00e3o re\u00fane depoimentos in\u00e9ditos, imagens raras e momentos decisivos, como o acidente quase fatal na juventude, a venda da Perini e a cria\u00e7\u00e3o do <strong>Almacen Pepe<\/strong>, neg\u00f3cio que marcou a fase mais recente de sua vida. Fundado h\u00e1 10 anos, o empreendimento \u00e9 administrado por seu filho, <strong>Andr\u00e9 Faro<\/strong>, com participa\u00e7\u00e3o do neto, Matheus.<\/p>\n<p><img loading=\"lazy\" decoding=\"async\" aria-describedby=\"caption-attachment-222620\" class=\"wp-image-222620 size-medium\" src=\"https:\/\/www.europesays.com\/pt\/wp-content\/uploads\/2025\/11\/b7e1b01d-103c-44dd-b144-e0e2f121dc25-720x511.jpg\" alt=\"\" width=\"720\" height=\"511\"  \/><\/p>\n<p id=\"caption-attachment-222620\" class=\"wp-caption-text\">Pepe e Andr\u00e9 Faro<\/p>\n<p><strong>\u201cEste filme \u00e9 uma homenagem ao homem que nos ensinou que trabalho sem afeto n\u00e3o tem sentido. Meu pai sempre acreditou nas rela\u00e7\u00f5es humanas\u201d<\/strong>, afirma Andr\u00e9, que destaca o car\u00e1ter afetivo do projeto.<\/p>\n<p><img loading=\"lazy\" decoding=\"async\" aria-describedby=\"caption-attachment-222616\" class=\"wp-image-222616 size-full\" src=\"https:\/\/www.europesays.com\/pt\/wp-content\/uploads\/2025\/11\/b4f34b5f-df1d-4405-b799-0e1f3252f27c.jpg\" alt=\"\" width=\"720\" height=\"540\"\/><\/p>\n<p id=\"caption-attachment-222616\" class=\"wp-caption-text\">Pepe Faro<\/p>\n<p>Convencer Pepe a participar foi um desafio para o diretor, que enfrentou a resist\u00eancia do empres\u00e1rio, sempre avesso a homenagens p\u00fablicas. As grava\u00e7\u00f5es come\u00e7aram em 2023, na aldeia de Aboal, na Gal\u00edcia, e seguiram at\u00e9 2024, pouco antes da abertura da unidade do Shopping Barra. O filme tamb\u00e9m registra um cap\u00edtulo pessoal: a morte de <strong>Alfonso Alban<\/strong>, pai de Amadeu e amigo pr\u00f3ximo de Pepe, durante uma viagem \u00e0 Espanha no per\u00edodo das filmagens.<\/p>\n<p><img loading=\"lazy\" decoding=\"async\" aria-describedby=\"caption-attachment-222618\" class=\"wp-image-222618 size-medium\" src=\"https:\/\/www.europesays.com\/pt\/wp-content\/uploads\/2025\/11\/16c66498-f5fb-4b03-8455-45cbfe04c358-720x521.jpg\" alt=\"\" width=\"720\" height=\"521\"  \/><\/p>\n<p id=\"caption-attachment-222618\" class=\"wp-caption-text\">Perini Gra\u00e7a<\/p>\n<p>A estreia para a imprensa acontece no dia <strong>2 de dezembro<\/strong>, \u00e0s <strong>19h<\/strong>, no cinema do Shopping Barra, com presen\u00e7a de Pepe, de Dona Almerinda e da fam\u00edlia. Ap\u00f3s a sess\u00e3o, haver\u00e1 apresenta\u00e7\u00e3o de Andr\u00e9 Faro e coquetel no Almacen Pepe do shopping. O trailer est\u00e1 dispon\u00edvel no site<a href=\"http:\/\/amigopepe.com.br\" rel=\"nofollow noopener\" target=\"_blank\"> <strong>amigopepe.com.br<\/strong><\/a>, onde o document\u00e1rio completo ser\u00e1 lan\u00e7ado na data de estreia.<\/p>\n<p>\u00a0<\/p>\n","protected":false},"excerpt":{"rendered":"A hist\u00f3ria de um dos personagens mais emblem\u00e1ticos do varejo e da gastronomia da Bahia chega ao cinema.&hellip;\n","protected":false},"author":2,"featured_media":159930,"comment_status":"","ping_status":"","sticky":false,"template":"","format":"standard","meta":{"footnotes":""},"categories":[140],"tags":[114,115,147,148,146,32,33],"class_list":{"0":"post-159929","1":"post","2":"type-post","3":"status-publish","4":"format-standard","5":"has-post-thumbnail","7":"category-filmes","8":"tag-entertainment","9":"tag-entretenimento","10":"tag-film","11":"tag-filmes","12":"tag-movies","13":"tag-portugal","14":"tag-pt"},"share_on_mastodon":{"url":"https:\/\/pubeurope.com\/@pt\/115587613549821790","error":""},"_links":{"self":[{"href":"https:\/\/www.europesays.com\/pt\/wp-json\/wp\/v2\/posts\/159929","targetHints":{"allow":["GET"]}}],"collection":[{"href":"https:\/\/www.europesays.com\/pt\/wp-json\/wp\/v2\/posts"}],"about":[{"href":"https:\/\/www.europesays.com\/pt\/wp-json\/wp\/v2\/types\/post"}],"author":[{"embeddable":true,"href":"https:\/\/www.europesays.com\/pt\/wp-json\/wp\/v2\/users\/2"}],"replies":[{"embeddable":true,"href":"https:\/\/www.europesays.com\/pt\/wp-json\/wp\/v2\/comments?post=159929"}],"version-history":[{"count":0,"href":"https:\/\/www.europesays.com\/pt\/wp-json\/wp\/v2\/posts\/159929\/revisions"}],"wp:featuredmedia":[{"embeddable":true,"href":"https:\/\/www.europesays.com\/pt\/wp-json\/wp\/v2\/media\/159930"}],"wp:attachment":[{"href":"https:\/\/www.europesays.com\/pt\/wp-json\/wp\/v2\/media?parent=159929"}],"wp:term":[{"taxonomy":"category","embeddable":true,"href":"https:\/\/www.europesays.com\/pt\/wp-json\/wp\/v2\/categories?post=159929"},{"taxonomy":"post_tag","embeddable":true,"href":"https:\/\/www.europesays.com\/pt\/wp-json\/wp\/v2\/tags?post=159929"}],"curies":[{"name":"wp","href":"https:\/\/api.w.org\/{rel}","templated":true}]}}