{"id":159939,"date":"2025-11-21T12:15:51","date_gmt":"2025-11-21T12:15:51","guid":{"rendered":"https:\/\/www.europesays.com\/pt\/159939\/"},"modified":"2025-11-21T12:15:51","modified_gmt":"2025-11-21T12:15:51","slug":"apagao-afecta-partes-de-paris-metro-e-comboios-com-constrangimentos-franca","status":"publish","type":"post","link":"https:\/\/www.europesays.com\/pt\/159939\/","title":{"rendered":"\u201cApag\u00e3o\u201d afecta partes de Paris. Metro e comboios com constrangimentos | Fran\u00e7a"},"content":{"rendered":"<p>Partes de Paris foram afectadas por um &#8220;apag\u00e3o&#8221; na manh\u00e3 desta quinta-feira, 20 de Novembro, confirmou o operador da rede el\u00e9ctrica no site oficial.<\/p>\n<p>A Enedis, empresa que gere 95% da rede el\u00e9ctrica francesa, n\u00e3o especificou as raz\u00f5es para o apag\u00e3o, mas definiu as 9h locais (8h em Portugal continental) como a hora esperada para a reposi\u00e7\u00e3o da electricidade.<\/p>\n<p>Pelas 7h50 (hora de Portugal continental), grande parte do problema tinha sido resolvido. Apenas cerca de 2600 casas na capital francesa continuavam sem electricidade. Inicialmente, cerca de 170 mil casas tinham sido afectadas pelo problema.<\/p>\n<p><a href=\"https:\/\/www.publico.pt\/apagao\" rel=\"nofollow noopener\" target=\"_blank\">O &#8220;apag\u00e3o&#8221;<\/a> teve impacto nos transportes da capital francesa, obrigando \u00e0 interrup\u00e7\u00e3o do funcionamento de algumas linhas de metro e dos comboios suburbanos.<\/p>\n<p>A 28 de Abril de 2025, um <a href=\"https:\/\/www.publico.pt\/2025\/10\/28\/economia\/noticia\/apagao-seis-meses-conhecemse-causas-nao-ha-culpado-2152482\" rel=\"nofollow noopener\" target=\"_blank\">apag\u00e3o geral<\/a> atingiu Espanha e Portugal, deixando a Pen\u00ednsula Ib\u00e9rica sem electricidade durante v\u00e1rias horas.<\/p>\n<p>Not\u00edcia actualizada \u00e0s 9h03: &#8220;apag\u00e3o&#8221; reduzido a 2600 casas<\/p>\n","protected":false},"excerpt":{"rendered":"Partes de Paris foram afectadas por um &#8220;apag\u00e3o&#8221; na manh\u00e3 desta quinta-feira, 20 de Novembro, confirmou o operador&hellip;\n","protected":false},"author":2,"featured_media":159940,"comment_status":"","ping_status":"","sticky":false,"template":"","format":"standard","meta":{"footnotes":""},"categories":[10],"tags":[27,28,2270,15,16,208,14,25,26,21,22,62,12,13,19,20,542,2458,32,23,24,33,17,18,29,30,31],"class_list":{"0":"post-159939","1":"post","2":"type-post","3":"status-publish","4":"format-standard","5":"has-post-thumbnail","7":"category-portugal","8":"tag-breaking-news","9":"tag-breakingnews","10":"tag-energia","11":"tag-featured-news","12":"tag-featurednews","13":"tag-franca","14":"tag-headlines","15":"tag-latest-news","16":"tag-latestnews","17":"tag-main-news","18":"tag-mainnews","19":"tag-mundo","20":"tag-news","21":"tag-noticias","22":"tag-noticias-principais","23":"tag-noticiasprincipais","24":"tag-para-redes","25":"tag-paris","26":"tag-portugal","27":"tag-principais-noticias","28":"tag-principaisnoticias","29":"tag-pt","30":"tag-top-stories","31":"tag-topstories","32":"tag-ultimas","33":"tag-ultimas-noticias","34":"tag-ultimasnoticias"},"share_on_mastodon":{"url":"https:\/\/pubeurope.com\/@pt\/115587644354778143","error":""},"_links":{"self":[{"href":"https:\/\/www.europesays.com\/pt\/wp-json\/wp\/v2\/posts\/159939","targetHints":{"allow":["GET"]}}],"collection":[{"href":"https:\/\/www.europesays.com\/pt\/wp-json\/wp\/v2\/posts"}],"about":[{"href":"https:\/\/www.europesays.com\/pt\/wp-json\/wp\/v2\/types\/post"}],"author":[{"embeddable":true,"href":"https:\/\/www.europesays.com\/pt\/wp-json\/wp\/v2\/users\/2"}],"replies":[{"embeddable":true,"href":"https:\/\/www.europesays.com\/pt\/wp-json\/wp\/v2\/comments?post=159939"}],"version-history":[{"count":0,"href":"https:\/\/www.europesays.com\/pt\/wp-json\/wp\/v2\/posts\/159939\/revisions"}],"wp:featuredmedia":[{"embeddable":true,"href":"https:\/\/www.europesays.com\/pt\/wp-json\/wp\/v2\/media\/159940"}],"wp:attachment":[{"href":"https:\/\/www.europesays.com\/pt\/wp-json\/wp\/v2\/media?parent=159939"}],"wp:term":[{"taxonomy":"category","embeddable":true,"href":"https:\/\/www.europesays.com\/pt\/wp-json\/wp\/v2\/categories?post=159939"},{"taxonomy":"post_tag","embeddable":true,"href":"https:\/\/www.europesays.com\/pt\/wp-json\/wp\/v2\/tags?post=159939"}],"curies":[{"name":"wp","href":"https:\/\/api.w.org\/{rel}","templated":true}]}}