{"id":159941,"date":"2025-11-21T12:17:09","date_gmt":"2025-11-21T12:17:09","guid":{"rendered":"https:\/\/www.europesays.com\/pt\/159941\/"},"modified":"2025-11-21T12:17:09","modified_gmt":"2025-11-21T12:17:09","slug":"nuno-markl-continua-hospitalizado-mas-fora-de-perigo","status":"publish","type":"post","link":"https:\/\/www.europesays.com\/pt\/159941\/","title":{"rendered":"Nuno Markl continua hospitalizado mas fora de perigo"},"content":{"rendered":"<p>&#13;<br \/>\nMarkl, de 54 anos, sentiu-se indisposto em casa e dirigiu-se ao Hospital de Cascais, pr\u00f3ximo da sua \u00e1rea de resid\u00eancia, tendo sido depois transferido para o Hospital S\u00e3o Francisco Xavier em Lisboa, onde permanece sob vigil\u00e2ncia.&#13;\n<\/p>\n<p>&#13;<br \/>\nNuma primeira rea\u00e7\u00e3o, atrav\u00e9s das redes sociais, o humorista\u00a0agradeceu &#8220;por todo o amor&#8221; e garantiu estar &#8220;em \u00f3ptimas m\u00e3os&#8221; no hospital S\u00e3o Francisco Xavier e &#8220;a recuperar aos poucos&#8221;.&#13;\n<\/p>\n<p>\nEsta manh\u00e3 na R\u00e1dio Comercial Pedro Ribeiro explicou que Nuno Markl &#8220;est\u00e1 a ser seguido e a ter os melhores cuidados, a recuperar&#8221;. <\/p>\n<p>O director da R\u00e1dio Comercial sublinhou que &#8220;as primeiras 48 horas s\u00e3o decisivas para perceber a extens\u00e3o dos danos e sequelas&#8221;. No entanto, para j\u00e1, as not\u00edcias s\u00e3o positivas e tudo leva a acreditar que &#8220;foi s\u00f3 um susto&#8221;.&#13;\n<\/p>\n<p>&#13;<br \/>\nAs redes sociais t\u00eam sido inundadas com mensagens de apoio ao humorista , Pedro Ribeiro destacou toda &#8220;a onda de amor&#8221; que sentiu com a publica\u00e7\u00e3o da R\u00e1dio Comercial.&#13;\n<\/p>\n<p>&#13;<br \/>\n\u00a0\u00a0&#13;<\/p>\n","protected":false},"excerpt":{"rendered":"&#13; Markl, de 54 anos, sentiu-se indisposto em casa e dirigiu-se ao Hospital de Cascais, pr\u00f3ximo da sua&hellip;\n","protected":false},"author":2,"featured_media":159942,"comment_status":"","ping_status":"","sticky":false,"template":"","format":"standard","meta":{"footnotes":""},"categories":[145],"tags":[211,210,114,115,11435,32,33],"class_list":{"0":"post-159941","1":"post","2":"type-post","3":"status-publish","4":"format-standard","5":"has-post-thumbnail","7":"category-celebridades","8":"tag-celebridades","9":"tag-celebrities","10":"tag-entertainment","11":"tag-entretenimento","12":"tag-nuno-markl","13":"tag-portugal","14":"tag-pt"},"share_on_mastodon":{"url":"https:\/\/pubeurope.com\/@pt\/115587648311116581","error":""},"_links":{"self":[{"href":"https:\/\/www.europesays.com\/pt\/wp-json\/wp\/v2\/posts\/159941","targetHints":{"allow":["GET"]}}],"collection":[{"href":"https:\/\/www.europesays.com\/pt\/wp-json\/wp\/v2\/posts"}],"about":[{"href":"https:\/\/www.europesays.com\/pt\/wp-json\/wp\/v2\/types\/post"}],"author":[{"embeddable":true,"href":"https:\/\/www.europesays.com\/pt\/wp-json\/wp\/v2\/users\/2"}],"replies":[{"embeddable":true,"href":"https:\/\/www.europesays.com\/pt\/wp-json\/wp\/v2\/comments?post=159941"}],"version-history":[{"count":0,"href":"https:\/\/www.europesays.com\/pt\/wp-json\/wp\/v2\/posts\/159941\/revisions"}],"wp:featuredmedia":[{"embeddable":true,"href":"https:\/\/www.europesays.com\/pt\/wp-json\/wp\/v2\/media\/159942"}],"wp:attachment":[{"href":"https:\/\/www.europesays.com\/pt\/wp-json\/wp\/v2\/media?parent=159941"}],"wp:term":[{"taxonomy":"category","embeddable":true,"href":"https:\/\/www.europesays.com\/pt\/wp-json\/wp\/v2\/categories?post=159941"},{"taxonomy":"post_tag","embeddable":true,"href":"https:\/\/www.europesays.com\/pt\/wp-json\/wp\/v2\/tags?post=159941"}],"curies":[{"name":"wp","href":"https:\/\/api.w.org\/{rel}","templated":true}]}}