{"id":159945,"date":"2025-11-21T12:22:09","date_gmt":"2025-11-21T12:22:09","guid":{"rendered":"https:\/\/www.europesays.com\/pt\/159945\/"},"modified":"2025-11-21T12:22:09","modified_gmt":"2025-11-21T12:22:09","slug":"o-diabo-veste-prada-2-promete-dilemas-modernos-e-emocoes-contidas","status":"publish","type":"post","link":"https:\/\/www.europesays.com\/pt\/159945\/","title":{"rendered":"O Diabo Veste Prada 2 promete dilemas modernos e emo\u00e7\u00f5es contidas"},"content":{"rendered":"<p>O trailer de <strong>O Diabo Veste Prada 2<\/strong> ampliou a expectativa ao mostrar reencontros marcantes, mudan\u00e7as na din\u00e2mica das personagens e elementos que atualizam o universo da moda de forma envolvente.<\/p>\n<p><img data-portal-copyright=\"Cr\u00e9ditos: (Divulga\u00e7\u00e3o\/20th Century Studios)\" fetchpriority=\"high\" decoding=\"async\" class=\"size-full wp-image-2657066\" src=\"https:\/\/www.europesays.com\/pt\/wp-content\/uploads\/2025\/11\/720.jpg\" alt=\"The Devil Wears Prada\" width=\"1280\" height=\"720\"  \/>The Devil Wears Prada &#8211; Cr\u00e9ditos: (Divulga\u00e7\u00e3o\/20th Century Studios)<br \/>\nO que o trailer sugere sobre a evolu\u00e7\u00e3o das personagens?<\/p>\n<p>As cenas iniciais revelam intera\u00e7\u00f5es que indicam transforma\u00e7\u00f5es importantes na vida de cada personagem. A tens\u00e3o sutil entre figuras j\u00e1 conhecidas sinaliza novas motiva\u00e7\u00f5es e decis\u00f5es mais maduras.<\/p>\n<p>O material tamb\u00e9m destaca conflitos profissionais e pessoais que ganham outra dimens\u00e3o. Esses elementos aparecem de forma clara e ajudam a entender os rumos da narrativa a seguir.<\/p>\n<ul>\n<li>Ind\u00edcios de mudan\u00e7as profundas nas rela\u00e7\u00f5es anteriores.<\/li>\n<li>Conflitos ligados a responsabilidades mais amplas.<\/li>\n<li>Rea\u00e7\u00f5es que mostram maior complexidade emocional.<\/li>\n<\/ul>\n<p>Como o trailer aborda quest\u00f5es atuais do trabalho?<\/p>\n<p>As imagens sugerem que o filme explora um ambiente profissional mais competitivo e acelerado. H\u00e1 sinais de que decis\u00f5es estrat\u00e9gicas se tornam centrais nas trajet\u00f3rias das personagens.<\/p>\n<p>A pr\u00e9via tamb\u00e9m evidencia a press\u00e3o por resultados constantes, o que aproxima o enredo de desafios presentes no mercado atual.<\/p>\n<p>Quais temas emocionais se destacam nas cenas divulgadas?<\/p>\n<p>A edi\u00e7\u00e3o do trailer ressalta express\u00f5es contidas e momentos de reflex\u00e3o que sugerem maior profundidade emocional. A narrativa parece expandir a compreens\u00e3o sobre limites, autopercep\u00e7\u00e3o e escolhas pessoais.<\/p>\n<p>Esse recorte refor\u00e7a o impacto das rela\u00e7\u00f5es profissionais e afetivas na constru\u00e7\u00e3o dos caminhos apresentados. Os pontos abaixo mostram como esses temas aparecem.<\/p>\n<ul>\n<li>Conflitos internos que influenciam decis\u00f5es importantes.<\/li>\n<li>Busca por equil\u00edbrio em meio a demandas crescentes.<\/li>\n<li>V\u00ednculos que revelam novas camadas de sensibilidade.<\/li>\n<\/ul>\n<p>Como o universo da moda \u00e9 atualizado no novo trailer?<\/p>\n<p>O v\u00eddeo traz refer\u00eancias est\u00e9ticas contempor\u00e2neas que renovam o cen\u00e1rio conhecido do <a href=\"https:\/\/catracalivre.com.br\/entretenimento\/dia-da-consciencia-negra-5-filmes-para-lembrar-a-luta-contra-o-racismo\/\" rel=\"noopener nofollow\" target=\"_blank\">primeiro filme<\/a>. Figurinos, loca\u00e7\u00f5es e ritmo visual mostram um setor mais din\u00e2mico.<\/p>\n<p>Esses elementos sugerem uma hist\u00f3ria que acompanha transforma\u00e7\u00f5es culturais e criativas do mercado, ampliando o impacto narrativo.<\/p>\n<p>Se o trailer de <strong>O Diabo Veste Prada 2<\/strong> despertou ainda mais interesse, vale explorar conte\u00fados que acompanham estreias, tend\u00eancias culturais e debates sobre as mudan\u00e7as no mundo da moda e do trabalho.<\/p>\n","protected":false},"excerpt":{"rendered":"O trailer de O Diabo Veste Prada 2 ampliou a expectativa ao mostrar reencontros marcantes, mudan\u00e7as na din\u00e2mica&hellip;\n","protected":false},"author":2,"featured_media":159946,"comment_status":"","ping_status":"","sticky":false,"template":"","format":"standard","meta":{"footnotes":""},"categories":[140],"tags":[114,115,147,148,146,32,33,3939],"class_list":{"0":"post-159945","1":"post","2":"type-post","3":"status-publish","4":"format-standard","5":"has-post-thumbnail","7":"category-filmes","8":"tag-entertainment","9":"tag-entretenimento","10":"tag-film","11":"tag-filmes","12":"tag-movies","13":"tag-portugal","14":"tag-pt","15":"tag-serie"},"share_on_mastodon":{"url":"https:\/\/pubeurope.com\/@pt\/115587668223609691","error":""},"_links":{"self":[{"href":"https:\/\/www.europesays.com\/pt\/wp-json\/wp\/v2\/posts\/159945","targetHints":{"allow":["GET"]}}],"collection":[{"href":"https:\/\/www.europesays.com\/pt\/wp-json\/wp\/v2\/posts"}],"about":[{"href":"https:\/\/www.europesays.com\/pt\/wp-json\/wp\/v2\/types\/post"}],"author":[{"embeddable":true,"href":"https:\/\/www.europesays.com\/pt\/wp-json\/wp\/v2\/users\/2"}],"replies":[{"embeddable":true,"href":"https:\/\/www.europesays.com\/pt\/wp-json\/wp\/v2\/comments?post=159945"}],"version-history":[{"count":0,"href":"https:\/\/www.europesays.com\/pt\/wp-json\/wp\/v2\/posts\/159945\/revisions"}],"wp:featuredmedia":[{"embeddable":true,"href":"https:\/\/www.europesays.com\/pt\/wp-json\/wp\/v2\/media\/159946"}],"wp:attachment":[{"href":"https:\/\/www.europesays.com\/pt\/wp-json\/wp\/v2\/media?parent=159945"}],"wp:term":[{"taxonomy":"category","embeddable":true,"href":"https:\/\/www.europesays.com\/pt\/wp-json\/wp\/v2\/categories?post=159945"},{"taxonomy":"post_tag","embeddable":true,"href":"https:\/\/www.europesays.com\/pt\/wp-json\/wp\/v2\/tags?post=159945"}],"curies":[{"name":"wp","href":"https:\/\/api.w.org\/{rel}","templated":true}]}}