{"id":159949,"date":"2025-11-21T12:24:10","date_gmt":"2025-11-21T12:24:10","guid":{"rendered":"https:\/\/www.europesays.com\/pt\/159949\/"},"modified":"2025-11-21T12:24:10","modified_gmt":"2025-11-21T12:24:10","slug":"atendimentos-por-pneumonia-disparam-20-em-sao-paulo-abc-do-abc","status":"publish","type":"post","link":"https:\/\/www.europesays.com\/pt\/159949\/","title":{"rendered":"Atendimentos por pneumonia disparam 20% em S\u00e3o Paulo ABC do ABC"},"content":{"rendered":"<p>A <strong>vacina contra pneumonia,<\/strong> disponibilizada gratuitamente pelo <strong>Sistema \u00danico de Sa\u00fade (<a href=\"https:\/\/meususdigital.saude.gov.br\/vacinas\" data-type=\"link\" data-id=\"https:\/\/meususdigital.saude.gov.br\/vacinas\" target=\"_blank\" rel=\"noopener nofollow\">SUS<\/a>)<\/strong>, pode ser encontrada nas <strong>Unidades B\u00e1sicas de Sa\u00fade (UBS) <\/strong>em todo o Brasil. Este recurso \u00e9 crucial, especialmente em um momento em que os casos da doen\u00e7a est\u00e3o crescendo significativamente.<\/p>\n<p>Recentemente, dados revelaram um aumento alarmante no n\u00famero de atendimentos relacionados \u00e0 pneumonia em diversas cidades do estado de<strong> S\u00e3o Paulo.<\/strong> Em <a href=\"https:\/\/abcdoabc.com.br\/shopping-iguatemi-em-campinas-assalto\/\" data-type=\"link\" data-id=\"https:\/\/abcdoabc.com.br\/shopping-iguatemi-em-campinas-assalto\/\" target=\"_blank\" rel=\"noreferrer noopener nofollow\">Campinas,<\/a> o n\u00famero de atendimentos dobrou, enquanto Piracicaba registrou um incremento de 20%. De acordo com a Secretaria Estadual da Sa\u00fade, entre janeiro e agosto deste ano, foram contabilizados 202.357 atendimentos devido \u00e0 doen\u00e7a, refletindo um crescimento de 20% em compara\u00e7\u00e3o ao mesmo per\u00edodo do ano anterior, que totalizou 167.263.<\/p>\n<p>Vacina\u00e7\u00e3o contra pneumonia \u00e9 crucial:<\/p>\n<p>Diante desse cen\u00e1rio preocupante, especialistas alertam que uma propor\u00e7\u00e3o consider\u00e1vel das infec\u00e7\u00f5es poderia ser evitada com a vacina\u00e7\u00e3o adequada. Os m\u00e9dicos apontam que a combina\u00e7\u00e3o do aumento dos v\u00edrus respirat\u00f3rios com a baixa ades\u00e3o \u00e0s vacinas tem contribu\u00eddo para a eleva\u00e7\u00e3o dos atendimentos nas unidades de sa\u00fade.<\/p>\n<p>O pneumologista Rodrigo Athanazio salienta que tanto as pneumonias bacterianas quanto as virais est\u00e3o em ascens\u00e3o. Ele destaca que uma infec\u00e7\u00e3o viral mal administrada pode predispor os pacientes a formas mais graves da doen\u00e7a. \u201cEmbora frequentemente discutamos a pneumonia bacteriana, as infec\u00e7\u00f5es virais tamb\u00e9m s\u00e3o relevantes. A vacina\u00e7\u00e3o se torna essencial para prevenir essas infec\u00e7\u00f5es e para evitar que uma condi\u00e7\u00e3o viral desencadeie uma pneumonia bacteriana subsequente\u201d, explica Athanazio.<\/p>\n<p>A vacina contra pneumonia \u00e9 um procedimento simples e acess\u00edvel atrav\u00e9s do SUS e pode evitar complica\u00e7\u00f5es s\u00e9rias, incluindo hospitaliza\u00e7\u00f5es e at\u00e9 mortes. O especialista observa que a pneumonia continua a ser uma das principais causas de \u00f3bito globalmente. \u201c\u00c9 importante lembrar que essa doen\u00e7a est\u00e1 entre as maiores causas de morte no mundo. Infelizmente, o n\u00famero de casos tem aumentado ano ap\u00f3s ano, o que est\u00e1 intimamente ligado \u00e0 queda na cobertura vacinal observada nos \u00faltimos anos\u201d, afirma.<\/p>\n<p>Para aqueles que desejam se vacinar, nesta sexta-feira (21), as pessoas podem se dirigir a qualquer Ambulat\u00f3rio M\u00e9dico de Assist\u00eancia (AMA) ou UBS Integrada na cidade de S\u00e3o Paulo, onde os servi\u00e7os funcionar\u00e3o normalmente.<\/p>\n<p> <\/p>\n<ul class=\"m-0 p-0\">\n<li class=\"mr-4 is-size-7\">Data: 21\/11\/2025 08:11<\/li>\n<li class=\"mr-4 is-size-7\">\n\t\t\t\t\t\t\t\t\t\tAlterado:21\/11\/2025 08:11\n\t\t\t\t\t\t\t\t\t<\/li>\n<li class=\"mr-4 is-size-7\"> Autor: Reda\u00e7\u00e3o  <\/li>\n<li class=\"mr-4 is-size-7\">Fonte: ABCdoABC<\/li>\n<\/ul>\n<p>\t\t\t\t\t\t\t<img width=\"32\" height=\"32\" src=\"https:\/\/www.europesays.com\/pt\/wp-content\/uploads\/2025\/09\/1758229091_83_good-feedback.png\" loading=\"lazy\" data-count-lazy=\"6\" fetchpriority=\"high\" decoding=\"async\" alt=\"RECOMENDADOS\"\/><\/p>\n","protected":false},"excerpt":{"rendered":"A vacina contra pneumonia, disponibilizada gratuitamente pelo Sistema \u00danico de Sa\u00fade (SUS), pode ser encontrada nas Unidades B\u00e1sicas&hellip;\n","protected":false},"author":2,"featured_media":77102,"comment_status":"","ping_status":"","sticky":false,"template":"","format":"standard","meta":{"footnotes":""},"categories":[86],"tags":[116,32,33,117],"class_list":{"0":"post-159949","1":"post","2":"type-post","3":"status-publish","4":"format-standard","5":"has-post-thumbnail","7":"category-saude","8":"tag-health","9":"tag-portugal","10":"tag-pt","11":"tag-saude"},"share_on_mastodon":{"url":"https:\/\/pubeurope.com\/@pt\/115587675925824882","error":""},"_links":{"self":[{"href":"https:\/\/www.europesays.com\/pt\/wp-json\/wp\/v2\/posts\/159949","targetHints":{"allow":["GET"]}}],"collection":[{"href":"https:\/\/www.europesays.com\/pt\/wp-json\/wp\/v2\/posts"}],"about":[{"href":"https:\/\/www.europesays.com\/pt\/wp-json\/wp\/v2\/types\/post"}],"author":[{"embeddable":true,"href":"https:\/\/www.europesays.com\/pt\/wp-json\/wp\/v2\/users\/2"}],"replies":[{"embeddable":true,"href":"https:\/\/www.europesays.com\/pt\/wp-json\/wp\/v2\/comments?post=159949"}],"version-history":[{"count":0,"href":"https:\/\/www.europesays.com\/pt\/wp-json\/wp\/v2\/posts\/159949\/revisions"}],"wp:featuredmedia":[{"embeddable":true,"href":"https:\/\/www.europesays.com\/pt\/wp-json\/wp\/v2\/media\/77102"}],"wp:attachment":[{"href":"https:\/\/www.europesays.com\/pt\/wp-json\/wp\/v2\/media?parent=159949"}],"wp:term":[{"taxonomy":"category","embeddable":true,"href":"https:\/\/www.europesays.com\/pt\/wp-json\/wp\/v2\/categories?post=159949"},{"taxonomy":"post_tag","embeddable":true,"href":"https:\/\/www.europesays.com\/pt\/wp-json\/wp\/v2\/tags?post=159949"}],"curies":[{"name":"wp","href":"https:\/\/api.w.org\/{rel}","templated":true}]}}