{"id":159950,"date":"2025-11-21T12:25:14","date_gmt":"2025-11-21T12:25:14","guid":{"rendered":"https:\/\/www.europesays.com\/pt\/159950\/"},"modified":"2025-11-21T12:25:14","modified_gmt":"2025-11-21T12:25:14","slug":"levis-501-o-classico-intemporal-que-esta-na-black-friday-da-amazon-com-descontos-incriveis-moda-e-cuidado-pessoal","status":"publish","type":"post","link":"https:\/\/www.europesays.com\/pt\/159950\/","title":{"rendered":"Levi\u2019s 501: o cl\u00e1ssico intemporal que est\u00e1 na Black Friday da Amazon com descontos incr\u00edveis &#8211; Moda e Cuidado pessoal"},"content":{"rendered":"<p class=\"corpo-noticia__paragrafo\">As Levi\u2019s 501 s\u00e3o mais do que umas simples cal\u00e7as de ganga. H\u00e1 d\u00e9cadas que representam a ess\u00eancia do estilo descontra\u00eddo americano, combinando um corte direito ic\u00f3nico com uma constru\u00e7\u00e3o robusta que atravessa gera\u00e7\u00f5es. O denim \u00e9 firme, resistente e ganha personalidade com o uso, criando aquele efeito gasto que tantos procuram. A cintura assenta na medida certa, permitindo uma silhueta equilibrada, moderna sem perder o charme vintage que sempre distinguiu este modelo.<\/p>\n<p class=\"corpo-noticia__paragrafo\"><a href=\"https:\/\/amzn.to\/48pVi8a\" target=\"_blank\" rel=\"nofollow noopener\">A notoriedade mundial dos 501 deve-se \u00e0 sua autenticidade. Foram usados por m\u00fasicos, atores e criadores que ajudaram a definir tend\u00eancias, mas o que realmente os torna especiais \u00e9 a sensa\u00e7\u00e3o de vestir algo que nunca passa de moda<\/a>. S\u00e3o jeans vers\u00e1teis, capazes de funcionar com t\u00e9nis minimalistas ou botas cl\u00e1ssicas, ideais para dias de trabalho ou fins de semana mais descontra\u00eddos.<\/p>\n<p>                <img draggable=\"false\" class=\"b-lazy produto__image\"\/><\/p>\n<p class=\"corpo-noticia__paragrafo\">Nesta Black Friday, o destaque vai para o pre\u00e7o: v\u00e1rias cores e tamanhos <a href=\"https:\/\/amzn.to\/48pVi8a\" target=\"_blank\" rel=\"nofollow noopener\">est\u00e3o dispon\u00edveis na Amazon por valores que chegam a quase metade do habitua<\/a>l. \u00c9 uma oportunidade rara para garantir um dos modelos mais emblem\u00e1ticos do guarda-roupa masculino, combinando qualidade, hist\u00f3ria e estilo num s\u00f3 par de jeans.<\/p>\n","protected":false},"excerpt":{"rendered":"As Levi\u2019s 501 s\u00e3o mais do que umas simples cal\u00e7as de ganga. H\u00e1 d\u00e9cadas que representam a ess\u00eancia&hellip;\n","protected":false},"author":2,"featured_media":159951,"comment_status":"","ping_status":"","sticky":false,"template":"","format":"standard","meta":{"footnotes":""},"categories":[85],"tags":[114,115,34067,33453,32,33],"class_list":{"0":"post-159950","1":"post","2":"type-post","3":"status-publish","4":"format-standard","5":"has-post-thumbnail","7":"category-entretenimento","8":"tag-entertainment","9":"tag-entretenimento","10":"tag-levi","11":"tag-moda-masculina","12":"tag-portugal","13":"tag-pt"},"share_on_mastodon":{"url":"https:\/\/pubeurope.com\/@pt\/115587679739855617","error":""},"_links":{"self":[{"href":"https:\/\/www.europesays.com\/pt\/wp-json\/wp\/v2\/posts\/159950","targetHints":{"allow":["GET"]}}],"collection":[{"href":"https:\/\/www.europesays.com\/pt\/wp-json\/wp\/v2\/posts"}],"about":[{"href":"https:\/\/www.europesays.com\/pt\/wp-json\/wp\/v2\/types\/post"}],"author":[{"embeddable":true,"href":"https:\/\/www.europesays.com\/pt\/wp-json\/wp\/v2\/users\/2"}],"replies":[{"embeddable":true,"href":"https:\/\/www.europesays.com\/pt\/wp-json\/wp\/v2\/comments?post=159950"}],"version-history":[{"count":0,"href":"https:\/\/www.europesays.com\/pt\/wp-json\/wp\/v2\/posts\/159950\/revisions"}],"wp:featuredmedia":[{"embeddable":true,"href":"https:\/\/www.europesays.com\/pt\/wp-json\/wp\/v2\/media\/159951"}],"wp:attachment":[{"href":"https:\/\/www.europesays.com\/pt\/wp-json\/wp\/v2\/media?parent=159950"}],"wp:term":[{"taxonomy":"category","embeddable":true,"href":"https:\/\/www.europesays.com\/pt\/wp-json\/wp\/v2\/categories?post=159950"},{"taxonomy":"post_tag","embeddable":true,"href":"https:\/\/www.europesays.com\/pt\/wp-json\/wp\/v2\/tags?post=159950"}],"curies":[{"name":"wp","href":"https:\/\/api.w.org\/{rel}","templated":true}]}}