{"id":159952,"date":"2025-11-21T12:28:04","date_gmt":"2025-11-21T12:28:04","guid":{"rendered":"https:\/\/www.europesays.com\/pt\/159952\/"},"modified":"2025-11-21T12:28:04","modified_gmt":"2025-11-21T12:28:04","slug":"bolsas-mundiais-em-queda-estamos-perante-a-terceira-grande-crise-deste-seculo","status":"publish","type":"post","link":"https:\/\/www.europesays.com\/pt\/159952\/","title":{"rendered":"Bolsas mundiais em queda, estamos perante a terceira grande crise deste s\u00e9culo?"},"content":{"rendered":"<p>   Apesar da subida pontual desta quarta-feira, as grandes Bolsas mundiais t\u00eam estado a cair h\u00e1 mais de tr\u00eas semanas. Os presidentes executivos de grandes bancos como o Morgan Stanley e o Goldman Sachs dizem que h\u00e1 sobrevaloriza\u00e7\u00e3o dos t\u00edtulos cotados e que as a\u00e7\u00f5es poder\u00e3o vir a cair entre 15 a 20 por cento.  <\/p>\n<p>   Tamb\u00e9m as moedas virtuais est\u00e3o a cair, nomeadamente a bitcoin. Muitos especialistas falam abertamente da exist\u00eancia de uma bolha provocada pelas promessas da Intelig\u00eancia Artificial, que estar\u00e1 a come\u00e7ar a esvaziar. Ser\u00e1 que ainda \u00e9 cedo para perceber se estamos perante uma corre\u00e7\u00e3o t\u00e9cnica conjuntural? Ou se estamos perante uma mudan\u00e7a estrutural nos mercados financeiros e de capitais que podem atingir o setor banc\u00e1rio e a solidez dos grandes fundos de investimento?  <\/p>\n<p>   Neste cen\u00e1rio, uma crise das bolsas poderia desencadear uma desestabiliza\u00e7\u00e3o do sistema financeiro e gerar uma crise de confian\u00e7a capaz de atingir o pr\u00f3prio setor da banca como aconteceu noutras grandes crises, nomeadamente as duas deste s\u00e9culo. As grandes economias mundiais poder\u00e3o assim ser arrastadas num turbilh\u00e3o financeiro e entrar mesmo em recess\u00e3o, o que alguns economistas j\u00e1 admitem abertamente.  <\/p>\n<p>   E, neste caso, o que acontecer\u00e1 \u00e0 economia portuguesa \u00e9 as pr\u00f3prias contas do Estado? Ou\u00e7a aqui em podcast o \u2018Neg\u00f3cios da Semana\u2019 de Jos\u00e9 Gomes Ferreira.  <\/p>\n<p>Neg\u00f3cios da Semana \u00e9 um programa de Jos\u00e9 Gomes Ferreira. Os termos e realidades da Economia nacional e internacional explicados todas as semanas na SIC Not\u00edcias. Passa na televis\u00e3o quarta-feira, \u00e0s 23h, e \u00e9 publicado em podcast na quinta. Ou\u00e7a mais epis\u00f3dios:<\/p>\n","protected":false},"excerpt":{"rendered":"Apesar da subida pontual desta quarta-feira, as grandes Bolsas mundiais t\u00eam estado a cair h\u00e1 mais de tr\u00eas&hellip;\n","protected":false},"author":2,"featured_media":40628,"comment_status":"","ping_status":"","sticky":false,"template":"","format":"standard","meta":{"footnotes":""},"categories":[83],"tags":[88,89,90,32,33],"class_list":{"0":"post-159952","1":"post","2":"type-post","3":"status-publish","4":"format-standard","5":"has-post-thumbnail","7":"category-empresas","8":"tag-business","9":"tag-economy","10":"tag-empresas","11":"tag-portugal","12":"tag-pt"},"share_on_mastodon":{"url":"https:\/\/pubeurope.com\/@pt\/115587691497170144","error":""},"_links":{"self":[{"href":"https:\/\/www.europesays.com\/pt\/wp-json\/wp\/v2\/posts\/159952","targetHints":{"allow":["GET"]}}],"collection":[{"href":"https:\/\/www.europesays.com\/pt\/wp-json\/wp\/v2\/posts"}],"about":[{"href":"https:\/\/www.europesays.com\/pt\/wp-json\/wp\/v2\/types\/post"}],"author":[{"embeddable":true,"href":"https:\/\/www.europesays.com\/pt\/wp-json\/wp\/v2\/users\/2"}],"replies":[{"embeddable":true,"href":"https:\/\/www.europesays.com\/pt\/wp-json\/wp\/v2\/comments?post=159952"}],"version-history":[{"count":0,"href":"https:\/\/www.europesays.com\/pt\/wp-json\/wp\/v2\/posts\/159952\/revisions"}],"wp:featuredmedia":[{"embeddable":true,"href":"https:\/\/www.europesays.com\/pt\/wp-json\/wp\/v2\/media\/40628"}],"wp:attachment":[{"href":"https:\/\/www.europesays.com\/pt\/wp-json\/wp\/v2\/media?parent=159952"}],"wp:term":[{"taxonomy":"category","embeddable":true,"href":"https:\/\/www.europesays.com\/pt\/wp-json\/wp\/v2\/categories?post=159952"},{"taxonomy":"post_tag","embeddable":true,"href":"https:\/\/www.europesays.com\/pt\/wp-json\/wp\/v2\/tags?post=159952"}],"curies":[{"name":"wp","href":"https:\/\/api.w.org\/{rel}","templated":true}]}}