{"id":159955,"date":"2025-11-21T12:32:09","date_gmt":"2025-11-21T12:32:09","guid":{"rendered":"https:\/\/www.europesays.com\/pt\/159955\/"},"modified":"2025-11-21T12:32:09","modified_gmt":"2025-11-21T12:32:09","slug":"gerluce-e-bagda-sophie-charlotte-e-xama-sao-flagrados-aos-beijos-na-praia","status":"publish","type":"post","link":"https:\/\/www.europesays.com\/pt\/159955\/","title":{"rendered":"Gerluce e Bagd\u00e1! Sophie Charlotte e Xam\u00e3 s\u00e3o flagrados aos beijos na praia"},"content":{"rendered":"<p>\n                        Sucesso dentro e fora da novela &#8216;Tr\u00eas Gra\u00e7as&#8217;: Atores Sophie Charlotte e Xam\u00e3 s\u00e3o flagrados aos beijos na praia no Rio\n                    <\/p>\n<ul class=\"article__header__author\">\n<li class=\"article__header__author__item\">\n                                                Por:<br \/>\n                                                                                    Felipe Gatto \/ Contigo\n                                                                        <\/li>\n<\/ul>\n<p class=\"text\">Folga e curti\u00e7\u00e3o! O feriado da Consci\u00eancia Negra, ocorrido nesta quinta-feira, 20, foi com direito a sol, calor, folga do trabalho e muita paix\u00e3o para os atores <strong>Sophie Charlotte e Xam\u00e3,<\/strong> vistos nas areias do Rio de Janeiro.<\/p>\n<p><img loading=\"lazy\" decoding=\"async\" alt=\"Xam\u00e3 e Sophie\" class=\"img-36063bc2c2ea3ed2f1710e1d06bd6a49kh071t2t\" height=\"435\" src=\"https:\/\/www.europesays.com\/pt\/wp-content\/uploads\/2025\/11\/194423492-bagda.jpg\"  title=\"Xam\u00e3 e Sophie\" width=\"774\"\/><\/p>\n<p>Xam\u00e3 e Sophie<\/p>\n<p>Foto: Reprodu\u00e7\u00e3o\/TV Globo \/ Contigo<\/p>\n<p class=\"text\">De biqu\u00edni, sunga, cabelos molhados p\u00f3s mergulho e muita descontra\u00e7\u00e3o, o casal famoso trocou beijos apaixonados enquanto aproveitava um descanso das grava\u00e7\u00f5es da novela Tr\u00eas Gra\u00e7as, atual trama das nove da TV Globo.<\/p>\n<p class=\"text\">O cantor postou o beij\u00e3o em Sophie, enquanto renovavam o bronzeado, ao som de &#8220;Beijo Doce&#8221;, de <strong>P\u00e9ricles<\/strong>. Os f\u00e3s se empolgaram com o registro e mandaram diversos coment\u00e1rios fofos para a dupla. &#8220;Gerluce e Bagd\u00e1 juntinhos, quem diria&#8221;, brincou uma pessoa ao citar os personagens deles no folhetim.<\/p>\n<p class=\"text\">Mais tarde, os globais curtiram um tranquilo passeio por um shopping da Barra da Tijuca, zona sudoeste do Rio de Janeiro.<\/p>\n<p>Como \u00e9 o casal por tr\u00e1s das c\u00e2meras?<\/p>\n<p class=\"text\">Convidado do matinal Mais Voc\u00ea h\u00e1 alguns dias, Xam\u00e3 falou sobre seu relacionamento com Sophie Charlotte, com quem engatou a rela\u00e7\u00e3o em 2024, quando ambos estavam no ar em Renascer. &#8220;Nessa \u00e9poca, a gente estava flertando. No in\u00edcio das grava\u00e7\u00f5es ainda n\u00e3o tinha nada, mas com o tempo fazendo as cenas e conhecendo mais&#8230;&#8221; disse o artista.<\/p>\n<p class=\"text\">Sobre ci\u00fames da amada em cenas quentes, o famoso comentou: &#8220;Ah, cara, eu j\u00e1 fiquei, n\u00e9? Mas tenho muito respeito, a gente se conhece bastante. O Romulo [Estrela] \u00e9 um cara muito da hora tamb\u00e9m&#8221;.<\/p>\n<p class=\"text\">&#8220;Meu amor, eu tamb\u00e9m estou gravando o recado aqui do set, daqui a pouco eu vou gravar a pr\u00f3xima cena da Gerluce na nossa novela Tr\u00eas Gra\u00e7as, mas queria passar para te desejar tudo de melhor, dizer que eu tenho muito orgulho de voc\u00ea, do artista que voc\u00ea \u00e9, do ator que voc\u00ea \u00e9&#8221;, disse Sophie Charlotte, que mandou um recadinho ao amado no programa de <strong>Ana Maria Braga.<\/strong><\/p>\n<p>Veja mais:<\/p>\n<blockquote class=\"instagram-media\" data-instgrm-captioned=\"\" data-instgrm-permalink=\"https:\/\/www.instagram.com\/p\/DRSspVJD3VJ\/?utm_source=ig_embed&amp;utm_campaign=loading\" data-instgrm-version=\"14\" style=\"background: #FFF; border: 0; border-radius: 3px; box-shadow: 0 0 1px 0 rgba(0,0,0,0.5),0 1px 10px 0 rgba(0,0,0,0.15); margin: 1px; max-width: 540px; min-width: 326px; padding: 0; width: calc(100% - 2px);\">\n<p>     Ver essa foto no Instagram <\/p>\n<p class=\"text\" style=\"color: #c9c8cd; font-family: Arial,sans-serif; font-size: 14px; line-height: 17px; margin-bottom: 0; margin-top: 8px; overflow: hidden; padding: 8px 0 7px; text-align: center; text-overflow: ellipsis; white-space: nowrap;\"><a href=\"https:\/\/www.instagram.com\/p\/DRSspVJD3VJ\/?utm_source=ig_embed&amp;utm_campaign=loading\" rel=\"noopener nofollow\" style=\"color: #c9c8cd; font-family: Arial,sans-serif; font-size: 14px; font-style: normal; font-weight: normal; line-height: 17px; text-decoration: none;\" target=\"_blank\">Uma publica\u00e7\u00e3o compartilhada por Hugo Gloss (@hugogloss)<\/a><\/p>\n<\/blockquote>\n<p>                            <script async src=\"\/\/www.instagram.com\/embed.js\"><\/script><\/p>\n","protected":false},"excerpt":{"rendered":"Sucesso dentro e fora da novela &#8216;Tr\u00eas Gra\u00e7as&#8217;: Atores Sophie Charlotte e Xam\u00e3 s\u00e3o flagrados aos beijos na&hellip;\n","protected":false},"author":2,"featured_media":159956,"comment_status":"","ping_status":"","sticky":false,"template":"","format":"standard","meta":{"footnotes":""},"categories":[145],"tags":[211,210,114,115,32,33],"class_list":{"0":"post-159955","1":"post","2":"type-post","3":"status-publish","4":"format-standard","5":"has-post-thumbnail","7":"category-celebridades","8":"tag-celebridades","9":"tag-celebrities","10":"tag-entertainment","11":"tag-entretenimento","12":"tag-portugal","13":"tag-pt"},"share_on_mastodon":{"url":"https:\/\/pubeurope.com\/@pt\/115587707653090025","error":""},"_links":{"self":[{"href":"https:\/\/www.europesays.com\/pt\/wp-json\/wp\/v2\/posts\/159955","targetHints":{"allow":["GET"]}}],"collection":[{"href":"https:\/\/www.europesays.com\/pt\/wp-json\/wp\/v2\/posts"}],"about":[{"href":"https:\/\/www.europesays.com\/pt\/wp-json\/wp\/v2\/types\/post"}],"author":[{"embeddable":true,"href":"https:\/\/www.europesays.com\/pt\/wp-json\/wp\/v2\/users\/2"}],"replies":[{"embeddable":true,"href":"https:\/\/www.europesays.com\/pt\/wp-json\/wp\/v2\/comments?post=159955"}],"version-history":[{"count":0,"href":"https:\/\/www.europesays.com\/pt\/wp-json\/wp\/v2\/posts\/159955\/revisions"}],"wp:featuredmedia":[{"embeddable":true,"href":"https:\/\/www.europesays.com\/pt\/wp-json\/wp\/v2\/media\/159956"}],"wp:attachment":[{"href":"https:\/\/www.europesays.com\/pt\/wp-json\/wp\/v2\/media?parent=159955"}],"wp:term":[{"taxonomy":"category","embeddable":true,"href":"https:\/\/www.europesays.com\/pt\/wp-json\/wp\/v2\/categories?post=159955"},{"taxonomy":"post_tag","embeddable":true,"href":"https:\/\/www.europesays.com\/pt\/wp-json\/wp\/v2\/tags?post=159955"}],"curies":[{"name":"wp","href":"https:\/\/api.w.org\/{rel}","templated":true}]}}