{"id":159957,"date":"2025-11-21T12:33:24","date_gmt":"2025-11-21T12:33:24","guid":{"rendered":"https:\/\/www.europesays.com\/pt\/159957\/"},"modified":"2025-11-21T12:33:24","modified_gmt":"2025-11-21T12:33:24","slug":"o-que-significa-a-escultura-dragao-onca-que-viralizou-na-cop30","status":"publish","type":"post","link":"https:\/\/www.europesays.com\/pt\/159957\/","title":{"rendered":"O que significa a escultura &#8216;drag\u00e3o on\u00e7a&#8217; que viralizou na COP30"},"content":{"rendered":"<p class=\"texto\">Uma impressionante escultura que une um drag\u00e3o chin\u00eas e uma on\u00e7a-pintada brasileira se tornou o centro das aten\u00e7\u00f5es durante a <a target=\"_blank\" rel=\"noopener noreferrer nofollow\" href=\"https:\/\/www.em.com.br\/nacional\/2025\/11\/7295342-brasil-entrega-1-esboco-da-decisao-final-da-cop30-confira-trechos.html\"><strong>COP30<\/strong><\/a>, realizada em Bel\u00e9m. A obra de arte &#8220;Esp\u00edrito Guardi\u00e3o Drag\u00e3o-On\u00e7a&#8221;, criada pela artista chinesa Huang Jian, viralizou nas redes sociais.<\/p>\n<p class=\"texto\">A escultura de bronze, um presente da China para o Brasil, tem um forte apelo visual e uma carga simb\u00f3lica poderosa. A fus\u00e3o da on\u00e7a-pintada, s\u00edmbolo do Brasil e do drag\u00e3o, representando a China, simboliza a uni\u00e3o entre as duas na\u00e7\u00f5es na agenda clim\u00e1tica global e na prote\u00e7\u00e3o das florestas tropicais.<\/p>\n<p>O que a obra representa?<\/p>\n<p class=\"texto\">Cada elemento da escultura carrega um significado pr\u00f3prio. O drag\u00e3o \u00e9 uma das figuras mais reverenciadas da mitologia chinesa, associado \u00e0 sabedoria, \u00e0 for\u00e7a, \u00e0 sorte e \u00e0 prosperidade. Ele simboliza o poder e a identidade cultural da na\u00e7\u00e3o asi\u00e1tica, sendo um \u00edcone reconhecido globalmente como representante da China.<\/p>\n<p class=\"texto\">Por sua vez, a on\u00e7a-pintada \u00e9 o maior felino das Am\u00e9ricas e um dos animais mais emblem\u00e1ticos da fauna brasileira. Ela representa a for\u00e7a da natureza, a agilidade e a riqueza da biodiversidade do Brasil, simbolizando tamb\u00e9m a ancestralidade amaz\u00f4nica e a urg\u00eancia da prote\u00e7\u00e3o ambiental.<\/p>\n<p class=\"texto\"><a target=\"_blank\" rel=\"noopener noreferrer nofollow\" href=\"https:\/\/www.whatsapp.com\/channel\/0029Va8e466AO7RPLL06EL2h\"><strong>Siga nosso canal no WhatsApp e receba not\u00edcias relevantes para o seu dia<\/strong><\/a><\/p>\n<p class=\"texto\">Ao entrela\u00e7ar os dois animais em uma \u00fanica pe\u00e7a, a obra materializa a ideia de coopera\u00e7\u00e3o na luta contra as mudan\u00e7as clim\u00e1ticas. A imagem de duas pot\u00eancias em harmonia transmite uma mensagem de equil\u00edbrio e parceria m\u00fatua, refor\u00e7ando os la\u00e7os constru\u00eddos entre os dois pa\u00edses.<\/p>\n<p class=\"texto\">Uma ferramenta de IA foi usada para auxiliar na produ\u00e7\u00e3o desta reportagem, sob supervis\u00e3o editorial humana.<\/p>\n","protected":false},"excerpt":{"rendered":"Uma impressionante escultura que une um drag\u00e3o chin\u00eas e uma on\u00e7a-pintada brasileira se tornou o centro das aten\u00e7\u00f5es&hellip;\n","protected":false},"author":2,"featured_media":159958,"comment_status":"","ping_status":"","sticky":false,"template":"","format":"standard","meta":{"footnotes":""},"categories":[144],"tags":[207,205,206,203,201,202,4508,358,6391,204,114,115,1540,3177,3295,32,33],"class_list":{"0":"post-159957","1":"post","2":"type-post","3":"status-publish","4":"format-standard","5":"has-post-thumbnail","7":"category-arte-e-design","8":"tag-arte","9":"tag-arte-e-design","10":"tag-artedesign","11":"tag-arts","12":"tag-arts-and-design","13":"tag-artsanddesign","14":"tag-belem","15":"tag-china","16":"tag-cop30","17":"tag-design","18":"tag-entertainment","19":"tag-entretenimento","20":"tag-lula","21":"tag-meio-ambiente","22":"tag-para","23":"tag-portugal","24":"tag-pt"},"share_on_mastodon":{"url":"https:\/\/pubeurope.com\/@pt\/115587711216839170","error":""},"_links":{"self":[{"href":"https:\/\/www.europesays.com\/pt\/wp-json\/wp\/v2\/posts\/159957","targetHints":{"allow":["GET"]}}],"collection":[{"href":"https:\/\/www.europesays.com\/pt\/wp-json\/wp\/v2\/posts"}],"about":[{"href":"https:\/\/www.europesays.com\/pt\/wp-json\/wp\/v2\/types\/post"}],"author":[{"embeddable":true,"href":"https:\/\/www.europesays.com\/pt\/wp-json\/wp\/v2\/users\/2"}],"replies":[{"embeddable":true,"href":"https:\/\/www.europesays.com\/pt\/wp-json\/wp\/v2\/comments?post=159957"}],"version-history":[{"count":0,"href":"https:\/\/www.europesays.com\/pt\/wp-json\/wp\/v2\/posts\/159957\/revisions"}],"wp:featuredmedia":[{"embeddable":true,"href":"https:\/\/www.europesays.com\/pt\/wp-json\/wp\/v2\/media\/159958"}],"wp:attachment":[{"href":"https:\/\/www.europesays.com\/pt\/wp-json\/wp\/v2\/media?parent=159957"}],"wp:term":[{"taxonomy":"category","embeddable":true,"href":"https:\/\/www.europesays.com\/pt\/wp-json\/wp\/v2\/categories?post=159957"},{"taxonomy":"post_tag","embeddable":true,"href":"https:\/\/www.europesays.com\/pt\/wp-json\/wp\/v2\/tags?post=159957"}],"curies":[{"name":"wp","href":"https:\/\/api.w.org\/{rel}","templated":true}]}}