{"id":159959,"date":"2025-11-21T12:35:12","date_gmt":"2025-11-21T12:35:12","guid":{"rendered":"https:\/\/www.europesays.com\/pt\/159959\/"},"modified":"2025-11-21T12:35:12","modified_gmt":"2025-11-21T12:35:12","slug":"o-tao-aguardado-momento-em-secret-story-botao-dos-segredos-toca-para-pedro-jorge-e-marisa","status":"publish","type":"post","link":"https:\/\/www.europesays.com\/pt\/159959\/","title":{"rendered":"O t\u00e3o aguardado momento em &#8220;Secret Story&#8221;! Bot\u00e3o dos segredos toca para Pedro Jorge e Marisa"},"content":{"rendered":"<p>Marisa Susana e Leandro Martins est\u00e3o cada vez mais desconfiados da liga\u00e7\u00e3o entre <a href=\"https:\/\/selfie.iol.pt\/famosos\/casa-dos-segredos-9\/fora-de-secret-story-ana-cristina-faz-surpreendente-afirmacao-sobre-fim-da-relacao-de-marisa-e-pedro-jorge\/20251117\/691b52e9d34e3caad84b62f4\" target=\"_blank\" rel=\"nofollow noopener\">Marisa Pires<\/a> e <a href=\"https:\/\/selfie.iol.pt\/famosos\/casa-dos-segredos-9\/fora-de-secret-story-equipa-de-pedro-jorge-e-marisa-assinala-data-marcante-imaginem-o-que-ainda-esta-para-vir\/20251114\/69177ca9d34e2bd5c6d40736\" target=\"_blank\" rel=\"nofollow noopener\">Pedro Jorge<\/a> e, nas \u00faltimas 24 horas, mostraram-se particularmente\u00a0empenhados em descobrir se os colegas s\u00e3o um casal.<\/p>\n<p>Na emiss\u00e3o especial desta quinta-feira, dia 20, da nona edi\u00e7\u00e3o de &#8220;Secret Story &#8211; Casa dos Segredos&#8221;, Leandro Martins dirigiu-se ao confession\u00e1rio e carregou no bot\u00e3o dos segredos. &#8220;Somos um casal&#8221; foi a aposta do chef, dias depois de ter tentado a sorte com a teoria de que os dois s\u00e3o um ex-casal.<\/p>\n<p>J\u00e1 na sala, Marisa Pires e Pedro Jorge negaram que aquele fosse o enigma de ambos, algo que a Voz confirmou. Assim sendo, metade do dinheiro de Leandro Martins foi transferido em partes iguais para as contas dos colegas.<\/p>\n<p>O que ningu\u00e9m dentro da casa mais vigiada do Pa\u00eds \u00e9 que, de facto, Marisa Pires e Pedro Jorge s\u00e3o um casal. Contudo, cada um deles tem segredos diferentes. Ela esconde dos restantes concorrentes do reality show da <a href=\"https:\/\/tvi.iol.pt\/\" target=\"_blank\" rel=\"nofollow noopener\">TVI<\/a> o enigma &#8220;O meu marido est\u00e1 na casa&#8221; e ele &#8220;A m\u00e3e dos meus filhos est\u00e1 na casa&#8221;.<\/p>\n<p>Veja, agora, os v\u00eddeos do referido momento em &#8220;<a href=\"https:\/\/tvi.iol.pt\/secretstory\/\" target=\"_blank\" rel=\"nofollow noopener\">Secret Story<\/a> &#8211; Casa dos Segredos&#8221;.<\/p>\n","protected":false},"excerpt":{"rendered":"Marisa Susana e Leandro Martins est\u00e3o cada vez mais desconfiados da liga\u00e7\u00e3o entre Marisa Pires e Pedro Jorge&hellip;\n","protected":false},"author":2,"featured_media":159960,"comment_status":"","ping_status":"","sticky":false,"template":"","format":"standard","meta":{"footnotes":""},"categories":[142],"tags":[2632,13471,6338,328,166,114,115,980,12397,26373,19184,21766,19153,619,14646,21416,32,33,1014,1315,6985,16687,16686,7958,8174,1012,6986,16688,151,162],"class_list":{"0":"post-159959","1":"post","2":"type-post","3":"status-publish","4":"format-standard","5":"has-post-thumbnail","7":"category-tv","8":"tag-casa-dos-segredos","9":"tag-casa-dos-segredos-9","10":"tag-concorrente","11":"tag-concorrentes","12":"tag-cristina-ferreira","13":"tag-entertainment","14":"tag-entretenimento","15":"tag-famosos","16":"tag-leandro","17":"tag-leandro-martins","18":"tag-marisa","19":"tag-marisa-pires","20":"tag-marisa-susana","21":"tag-nacional","22":"tag-pedro","23":"tag-pedro-jorge","24":"tag-portugal","25":"tag-pt","26":"tag-reality-show","27":"tag-secret-story","28":"tag-secret-story-casa-dos-segredos","29":"tag-secret-story-casa-dos-segredos-9","30":"tag-secret-story-9","31":"tag-segredo","32":"tag-segredos","33":"tag-selfie","34":"tag-ss","35":"tag-ss9","36":"tag-tv","37":"tag-tvi"},"share_on_mastodon":{"url":"https:\/\/pubeurope.com\/@pt\/115587719057396699","error":""},"_links":{"self":[{"href":"https:\/\/www.europesays.com\/pt\/wp-json\/wp\/v2\/posts\/159959","targetHints":{"allow":["GET"]}}],"collection":[{"href":"https:\/\/www.europesays.com\/pt\/wp-json\/wp\/v2\/posts"}],"about":[{"href":"https:\/\/www.europesays.com\/pt\/wp-json\/wp\/v2\/types\/post"}],"author":[{"embeddable":true,"href":"https:\/\/www.europesays.com\/pt\/wp-json\/wp\/v2\/users\/2"}],"replies":[{"embeddable":true,"href":"https:\/\/www.europesays.com\/pt\/wp-json\/wp\/v2\/comments?post=159959"}],"version-history":[{"count":0,"href":"https:\/\/www.europesays.com\/pt\/wp-json\/wp\/v2\/posts\/159959\/revisions"}],"wp:featuredmedia":[{"embeddable":true,"href":"https:\/\/www.europesays.com\/pt\/wp-json\/wp\/v2\/media\/159960"}],"wp:attachment":[{"href":"https:\/\/www.europesays.com\/pt\/wp-json\/wp\/v2\/media?parent=159959"}],"wp:term":[{"taxonomy":"category","embeddable":true,"href":"https:\/\/www.europesays.com\/pt\/wp-json\/wp\/v2\/categories?post=159959"},{"taxonomy":"post_tag","embeddable":true,"href":"https:\/\/www.europesays.com\/pt\/wp-json\/wp\/v2\/tags?post=159959"}],"curies":[{"name":"wp","href":"https:\/\/api.w.org\/{rel}","templated":true}]}}