{"id":159961,"date":"2025-11-21T12:37:07","date_gmt":"2025-11-21T12:37:07","guid":{"rendered":"https:\/\/www.europesays.com\/pt\/159961\/"},"modified":"2025-11-21T12:37:07","modified_gmt":"2025-11-21T12:37:07","slug":"um-mes-depois-de-estrear-no-cinema-filme-polemico-com-julia-roberts-chegou-ao-streaming-nit","status":"publish","type":"post","link":"https:\/\/www.europesays.com\/pt\/159961\/","title":{"rendered":"Um m\u00eas depois de estrear no cinema, filme pol\u00e9mico com Julia Roberts chegou ao streaming \u2014 NiT"},"content":{"rendered":"<p>Julia Roberts, Andrew Garfield e Ayo Edebiri, numa obra realizada por Luca Guadagnino. Os nomes associados a \u201cAfter The Hunt\u201d s\u00e3o suficientes para chamar a aten\u00e7\u00e3o dos cin\u00e9filos, mas \u00e9 a hist\u00f3ria que mais tem dado que falar. Estreou-se nos cinemas a 16 de outubro e, um m\u00eas depois, o pol\u00e9mico filme chegou ao streaming.<\/p>\n<p>Foi lan\u00e7ado esta quinta-feira, 20 de novembro, na Prime Video. A narrativa acompanha Alma Olsson (Roberts), uma professora universit\u00e1ria que enfrenta um dilema pessoal e profissional quando uma aluna (Edebiri) acusa um professor (Garfield) de conduta impr\u00f3pria, enquanto um segredo obscuro do seu pr\u00f3prio passado amea\u00e7a vir \u00e0 tona.\u00a0<\/p>\n<p>Tal como \u00e9 habitual nos filmes de Guadagnino, o realizador italiano aborda temas sens\u00edveis, como o ass\u00e9dio, a cultura do cancelamento e o poder. Neste caso, por\u00e9m, pode n\u00e3o ter conseguido agradar aos cr\u00edticos. Segundo a \u201cVariety\u201d, o tema \u00e9 \u201cimportante e provocador\u201d, mas apesar de haver tens\u00e3o e momentos interessantes, h\u00e1 muitas \u201cperguntas sem resposta.\u201d<\/p>\n<p>O \u201cThe Guardian\u201d, por sua vez, n\u00e3o deixou de apontar as semelhan\u00e7as do novo filme com o estilo de Woody Allen (tamb\u00e9m ele acusado de ass\u00e9dio), como a utiliza\u00e7\u00e3o da fonte nos cr\u00e9ditos. O jornal brit\u00e2nico, bem como a revista \u201cVulture\u201d, consideraram a longa-metragem \u201cconfusa.\u201d<\/p>\n<p>Ainda assim, a revista norte-americana elogia a forma como Guadagnino \u201cse recusa a mimar o espectador\u201d, permitindo que cada pessoa interprete as coisas \u00e0 sua maneira.<\/p>\n<p>As filmagens do novo filme decorreram entre julho e agosto de 2024 em Londres e na Universidade de Cambridge. A banda sonora foi composta por Trent Reznor e Atticus Ross.<\/p>\n<p>Carregue na galeria para conhecer outros filmes que ainda v\u00e3o chegar em novembro \u00e0s plataformas de streaming.<\/p>\n","protected":false},"excerpt":{"rendered":"Julia Roberts, Andrew Garfield e Ayo Edebiri, numa obra realizada por Luca Guadagnino. Os nomes associados a \u201cAfter&hellip;\n","protected":false},"author":2,"featured_media":159962,"comment_status":"","ping_status":"","sticky":false,"template":"","format":"standard","meta":{"footnotes":""},"categories":[140],"tags":[114,115,147,148,146,32,33],"class_list":{"0":"post-159961","1":"post","2":"type-post","3":"status-publish","4":"format-standard","5":"has-post-thumbnail","7":"category-filmes","8":"tag-entertainment","9":"tag-entretenimento","10":"tag-film","11":"tag-filmes","12":"tag-movies","13":"tag-portugal","14":"tag-pt"},"share_on_mastodon":{"url":"https:\/\/pubeurope.com\/@pt\/115587727041645268","error":""},"_links":{"self":[{"href":"https:\/\/www.europesays.com\/pt\/wp-json\/wp\/v2\/posts\/159961","targetHints":{"allow":["GET"]}}],"collection":[{"href":"https:\/\/www.europesays.com\/pt\/wp-json\/wp\/v2\/posts"}],"about":[{"href":"https:\/\/www.europesays.com\/pt\/wp-json\/wp\/v2\/types\/post"}],"author":[{"embeddable":true,"href":"https:\/\/www.europesays.com\/pt\/wp-json\/wp\/v2\/users\/2"}],"replies":[{"embeddable":true,"href":"https:\/\/www.europesays.com\/pt\/wp-json\/wp\/v2\/comments?post=159961"}],"version-history":[{"count":0,"href":"https:\/\/www.europesays.com\/pt\/wp-json\/wp\/v2\/posts\/159961\/revisions"}],"wp:featuredmedia":[{"embeddable":true,"href":"https:\/\/www.europesays.com\/pt\/wp-json\/wp\/v2\/media\/159962"}],"wp:attachment":[{"href":"https:\/\/www.europesays.com\/pt\/wp-json\/wp\/v2\/media?parent=159961"}],"wp:term":[{"taxonomy":"category","embeddable":true,"href":"https:\/\/www.europesays.com\/pt\/wp-json\/wp\/v2\/categories?post=159961"},{"taxonomy":"post_tag","embeddable":true,"href":"https:\/\/www.europesays.com\/pt\/wp-json\/wp\/v2\/tags?post=159961"}],"curies":[{"name":"wp","href":"https:\/\/api.w.org\/{rel}","templated":true}]}}