{"id":159971,"date":"2025-11-21T12:43:08","date_gmt":"2025-11-21T12:43:08","guid":{"rendered":"https:\/\/www.europesays.com\/pt\/159971\/"},"modified":"2025-11-21T12:43:08","modified_gmt":"2025-11-21T12:43:08","slug":"zelensky-preparado-para-negociar-plano-de-paz-com-trump","status":"publish","type":"post","link":"https:\/\/www.europesays.com\/pt\/159971\/","title":{"rendered":"Zelensky preparado para negociar plano de paz com Trump"},"content":{"rendered":"<p>                <b>Volodymyr Zelensky garante que vai negociar com Donald Trump um plano de paz, que visa o fim do conflito russo-ucraniano, apoiado pelos EUA. <\/b>A decis\u00e3o foi anunciada pelo gabinete do presidente ucraniano, apesar das cr\u00edticas e de a proposta norte-americana prever que a Ucr\u00e2nia ceda em quest\u00f5es complexas.<\/p>\n<p>O esbo\u00e7o do plano j\u00e1 \u00e9 conhecido e inclui que Kiev ceda \u00e1reas significativas da regi\u00e3o de Donetsk e de Lugansk, que reduza o Ex\u00e9rcito e se comprometa a n\u00e3o aderir \u00e0 NATO \u2013 propostas que a Ucr\u00e2nia tem rejeitado, at\u00e9 agora. <b>O plano de paz apresentado por Washington prev\u00ea ainda um \u201cpacto de n\u00e3o agress\u00e3o\u201d entre a R\u00fassia, Ucr\u00e2nia e Europa, garantias de seguran\u00e7a para Kiev e a divis\u00e3o de Kherson e de Zaporizhzhia na atual linha da frente.<\/b><\/p>\n<p><b>Segundo o plano de 28 pontos, Donestk, Lugansk e a Crimeia, j\u00e1 anexada pela R\u00fassia, seriam \u201creconhecidas de facto como russas, incluindo pelos Estados Unidos\u201d. <\/b>E a central nuclear de Zaporizhzhia seria reativada sob a supervis\u00e3o da Ag\u00eancia Internacional de Energia At\u00f3mica (AIEA), tendo a produ\u00e7\u00e3o de eletricidade de ser igualmente dividida entre a Ucr\u00e2nia e a R\u00fassia.<\/p>\n<p>Al\u00e9m disso, o Ex\u00e9rcito ucraniano ficaria limitado a 600 mil soldados, a NATO n\u00e3o podia estacionar tropas na Ucr\u00e2nia e os ca\u00e7as europeus estariam baseados na Pol\u00f3nia.<\/p>\n<p><b>Apesar de Kiev ter de renunciar, segundo o plano, \u00e0 ades\u00e3o \u00e0 Alian\u00e7a Atl\u00e2ntica, seria eleg\u00edvel para se tornar membro da Uni\u00e3o Europeia.<\/b> E os esfor\u00e7os de reconstru\u00e7\u00e3o, liderados por Washington, seriam financiados com 100 mil milh\u00f5es de d\u00f3lares provenientes de ativos russos atualmente congelados.<\/p>\n<p>Um dia depois de Zelensky ter declarado que o pa\u00eds precisa de \u201cuma paz digna\u201d, <b>a presid\u00eancia ucraniana confirmou j\u00e1 ter recebido o que classificou de \u201cplano preliminar\u201d dos EUA para p\u00f4r fim \u00e0 guerra com a R\u00fassia. O presidente ucraniano garantiu mesmo que planeia discutir o assunto \u201cnos pr\u00f3ximos dias\u201d com o hom\u00f3logo norte-americano.<\/b><\/p>\n<p>\u201cA tarefa n\u00famero um para todos \u00e9 um processo diplom\u00e1tico construtivo com os Estados Unidos e todos os nossos parceiros. \u00c9 fundamental ter apoio est\u00e1vel para o nosso ex\u00e9rcito e para todas as nossas opera\u00e7\u00f5es de defesa planeadas e ataques de longo alcance\u201d, declarou o l\u00edder ucraniano, numa resposta cautelosa ap\u00f3s as cr\u00edticas de alguns altos respons\u00e1veis ucranianos, que consideraram o plano \u201cabsurdo\u201d e inaceit\u00e1vel.<\/p>\n<p>Algumas autoridades ucranianas e europeias consideram mesmo que este plano representa o fim da Ucr\u00e2nia como pa\u00eds independente.<\/p>\n<p>Em Washington, a porta-voz da Casa Branca, Karoline Leavitt, afirmou j\u00e1 esta sexta-feira que o plano de paz proposto pelos Estados Unidos \u00e9 bom &#8220;tanto para a R\u00fassia, como para a Ucr\u00e2nia&#8221;.<\/p>\n<p>&#13;<br \/>\n<b>&#8220;O presidente [Donald Trump] apoia este plano. \u00c9 um bom plano tanto para a R\u00fassia como para a Ucr\u00e2nia, e n\u00f3s pensamos que \u00e9 aceit\u00e1vel para ambas as partes<\/b>&#8220;, disse Leavitt aos jornalistas, em resposta \u00e0s informa\u00e7\u00f5es de que o plano satisfaria Moscovo em v\u00e1rios pontos importantes.&#13;\n<\/p>\n<p>&#13;<br \/>\nC\/ag\u00eancias&#13;<\/p>\n","protected":false},"excerpt":{"rendered":"Volodymyr Zelensky garante que vai negociar com Donald Trump um plano de paz, que visa o fim do&hellip;\n","protected":false},"author":2,"featured_media":159972,"comment_status":"","ping_status":"","sticky":false,"template":"","format":"standard","meta":{"footnotes":""},"categories":[50],"tags":[27,28,15,16,14,25,26,21,22,62,12,13,19,20,23,24,420,421,17,18,29,30,31,63,64,65],"class_list":{"0":"post-159971","1":"post","2":"type-post","3":"status-publish","4":"format-standard","5":"has-post-thumbnail","7":"category-mundo","8":"tag-breaking-news","9":"tag-breakingnews","10":"tag-featured-news","11":"tag-featurednews","12":"tag-headlines","13":"tag-latest-news","14":"tag-latestnews","15":"tag-main-news","16":"tag-mainnews","17":"tag-mundo","18":"tag-news","19":"tag-noticias","20":"tag-noticias-principais","21":"tag-noticiasprincipais","22":"tag-principais-noticias","23":"tag-principaisnoticias","24":"tag-rtp","25":"tag-rtp-noticias","26":"tag-top-stories","27":"tag-topstories","28":"tag-ultimas","29":"tag-ultimas-noticias","30":"tag-ultimasnoticias","31":"tag-world","32":"tag-world-news","33":"tag-worldnews"},"share_on_mastodon":{"url":"https:\/\/pubeurope.com\/@pt\/115587750616001454","error":""},"_links":{"self":[{"href":"https:\/\/www.europesays.com\/pt\/wp-json\/wp\/v2\/posts\/159971","targetHints":{"allow":["GET"]}}],"collection":[{"href":"https:\/\/www.europesays.com\/pt\/wp-json\/wp\/v2\/posts"}],"about":[{"href":"https:\/\/www.europesays.com\/pt\/wp-json\/wp\/v2\/types\/post"}],"author":[{"embeddable":true,"href":"https:\/\/www.europesays.com\/pt\/wp-json\/wp\/v2\/users\/2"}],"replies":[{"embeddable":true,"href":"https:\/\/www.europesays.com\/pt\/wp-json\/wp\/v2\/comments?post=159971"}],"version-history":[{"count":0,"href":"https:\/\/www.europesays.com\/pt\/wp-json\/wp\/v2\/posts\/159971\/revisions"}],"wp:featuredmedia":[{"embeddable":true,"href":"https:\/\/www.europesays.com\/pt\/wp-json\/wp\/v2\/media\/159972"}],"wp:attachment":[{"href":"https:\/\/www.europesays.com\/pt\/wp-json\/wp\/v2\/media?parent=159971"}],"wp:term":[{"taxonomy":"category","embeddable":true,"href":"https:\/\/www.europesays.com\/pt\/wp-json\/wp\/v2\/categories?post=159971"},{"taxonomy":"post_tag","embeddable":true,"href":"https:\/\/www.europesays.com\/pt\/wp-json\/wp\/v2\/tags?post=159971"}],"curies":[{"name":"wp","href":"https:\/\/api.w.org\/{rel}","templated":true}]}}