{"id":159975,"date":"2025-11-21T12:46:09","date_gmt":"2025-11-21T12:46:09","guid":{"rendered":"https:\/\/www.europesays.com\/pt\/159975\/"},"modified":"2025-11-21T12:46:09","modified_gmt":"2025-11-21T12:46:09","slug":"shawn-mendes-visita-terreiro-com-ivete-sangalo-e-foto-viraliza","status":"publish","type":"post","link":"https:\/\/www.europesays.com\/pt\/159975\/","title":{"rendered":"Shawn Mendes visita terreiro com Ivete Sangalo e foto viraliza"},"content":{"rendered":"<p>Cantor mergulha na cultura de matriz africana em Salvador e f\u00e3s celebram aproxima\u00e7\u00e3o com a Bahia<\/p>\n<p id=\"paragrafo-kr68xayjzh\">\nA presen\u00e7a do artista no espa\u00e7o sagrado movimentou a web imediatamente. F\u00e3s celebraram o gesto como um mergulho profundo na cultura baiana, enquanto outros se divertiram com o apelido que virou febre no X: \u201cShawngalo\u201d. Teve at\u00e9 quem declarasse Ivete como \u201cm\u00e3e oficial do canadense\u201d ap\u00f3s mais um registro lado a lado.&gt;\n<\/p>\n<p id=\"paragrafo-jl22ro5ozg\">\nSegundo relatos de pessoas que estavam no local, Shawn acompanhou Ivete em uma visita discreta e demonstrou interesse genu\u00edno nas tradi\u00e7\u00f5es afro-baianas. A cantora, que o recebeu em sua casa na cidade, tem sido uma esp\u00e9cie de guia cultural do artista durante sua passagem pelo estado.&gt;\n<\/p>\n<p id=\"paragrafo-bgxony56k7\">\nA visita ao terreiro veio um dia depois de os dois serem vistos passeando pela Gamboa, na orla da Ba\u00eda de Todos-os-Santos, onde Shawn atraiu uma multid\u00e3o de curiosos e registrou tudo como um turista entusiasmado. Desde que chegou ao Brasil no in\u00edcio do m\u00eas, ele tem circulado pelo pa\u00eds com a liberdade de quem abra\u00e7ou de vez o estilo de vida tropical.&gt;\n<\/p>\n<p id=\"paragrafo-ziwgbh8ssh\">\nO encontro tamb\u00e9m reacendeu o burburinho sobre a rela\u00e7\u00e3o pr\u00f3xima entre Shawn e Bruna Marquezine, ap\u00f3s novas apari\u00e7\u00f5es juntos em eventos recentes. No \u201cDoming\u00e3o com Huck\u201d, Ivete entrou na brincadeira e deixou no ar a frase que incendiou ainda mais os rumores: \u201c\u00c9 minha filha, eu cuido do meu genro.\u201d&gt;<\/p>\n","protected":false},"excerpt":{"rendered":"Cantor mergulha na cultura de matriz africana em Salvador e f\u00e3s celebram aproxima\u00e7\u00e3o com a Bahia A presen\u00e7a&hellip;\n","protected":false},"author":2,"featured_media":159976,"comment_status":"","ping_status":"","sticky":false,"template":"","format":"standard","meta":{"footnotes":""},"categories":[145],"tags":[211,210,114,115,32,33],"class_list":{"0":"post-159975","1":"post","2":"type-post","3":"status-publish","4":"format-standard","5":"has-post-thumbnail","7":"category-celebridades","8":"tag-celebridades","9":"tag-celebrities","10":"tag-entertainment","11":"tag-entretenimento","12":"tag-portugal","13":"tag-pt"},"share_on_mastodon":{"url":"https:\/\/pubeurope.com\/@pt\/115587762294339122","error":""},"_links":{"self":[{"href":"https:\/\/www.europesays.com\/pt\/wp-json\/wp\/v2\/posts\/159975","targetHints":{"allow":["GET"]}}],"collection":[{"href":"https:\/\/www.europesays.com\/pt\/wp-json\/wp\/v2\/posts"}],"about":[{"href":"https:\/\/www.europesays.com\/pt\/wp-json\/wp\/v2\/types\/post"}],"author":[{"embeddable":true,"href":"https:\/\/www.europesays.com\/pt\/wp-json\/wp\/v2\/users\/2"}],"replies":[{"embeddable":true,"href":"https:\/\/www.europesays.com\/pt\/wp-json\/wp\/v2\/comments?post=159975"}],"version-history":[{"count":0,"href":"https:\/\/www.europesays.com\/pt\/wp-json\/wp\/v2\/posts\/159975\/revisions"}],"wp:featuredmedia":[{"embeddable":true,"href":"https:\/\/www.europesays.com\/pt\/wp-json\/wp\/v2\/media\/159976"}],"wp:attachment":[{"href":"https:\/\/www.europesays.com\/pt\/wp-json\/wp\/v2\/media?parent=159975"}],"wp:term":[{"taxonomy":"category","embeddable":true,"href":"https:\/\/www.europesays.com\/pt\/wp-json\/wp\/v2\/categories?post=159975"},{"taxonomy":"post_tag","embeddable":true,"href":"https:\/\/www.europesays.com\/pt\/wp-json\/wp\/v2\/tags?post=159975"}],"curies":[{"name":"wp","href":"https:\/\/api.w.org\/{rel}","templated":true}]}}