{"id":159977,"date":"2025-11-21T12:49:10","date_gmt":"2025-11-21T12:49:10","guid":{"rendered":"https:\/\/www.europesays.com\/pt\/159977\/"},"modified":"2025-11-21T12:49:10","modified_gmt":"2025-11-21T12:49:10","slug":"ultima-novela-de-tassia-camargo-no-brasil-estreava-ha-19-anos-nao-piso-mais","status":"publish","type":"post","link":"https:\/\/www.europesays.com\/pt\/159977\/","title":{"rendered":"\u00daltima novela de T\u00e1ssia Camargo no Brasil estreava h\u00e1 19 anos: &#8220;N\u00e3o piso mais&#8221;"},"content":{"rendered":"<p>Musa de novelas e programas da Globo nas d\u00e9cadas de 1980 e 1990, T\u00e1ssia Camargo est\u00e1 longe da televis\u00e3o brasileira desde 2007. A \u00faltima novela que a atriz fez por aqui, pelo menos at\u00e9 o momento, estreava h\u00e1 exatamente 19 anos, no dia 21 de novembro de 2006.<\/p>\n<p>A atriz estreou nas novelas da Globo em Elas por Elas (1982); depois disso, teve pap\u00e9is de destaque em tramas como O Salvador da P\u00e1tria (1989), Tieta (1989), Despedida de Solteiro (1992), Quatro por Quatro (1994) e O Cravo e a Rosa (2000), al\u00e9m de participar da Escolinha do Professor Raimundo.<\/p>\n<p>Ap\u00f3s 25 anos na Globo, T\u00e1ssia aceitou um convite da <a href=\"https:\/\/natelinha.uol.com.br\/televisao\/emissoras\/record\" rel=\"nofollow noopener\" target=\"_blank\">Record<\/a>, sendo contratada pelo canal de Edir Macedo em agosto de 2006 para atuar na novela Vidas Opostas, que ficou no ar at\u00e9 27 de agosto de 2007.<\/p>\n<p>continua depois da publicidade<\/p>\n<p>O in\u00edcio foi bom&#8230;<\/p>\n<p><img decoding=\"async\" loading=\"lazy\" class=\"horizontal\" src=\"https:\/\/www.europesays.com\/pt\/wp-content\/uploads\/2025\/11\/tassia-camargo-vidas-opostas_7592.jpeg\" alt=\"\u00daltima novela de T\u00e1ssia Camargo no Brasil estreava h\u00e1 19 anos: \\\" n=\"\" piso=\"\" mais=\"\"\/><\/p>\n<p>Em entrevista \u00e0 Folha de S.Paulo de 7 de agosto de 2006, T\u00e1ssia demonstrou sua satisfa\u00e7\u00e3o com a novidade. Ela informou que assinou um contrato de tr\u00eas anos e que a Globo havia facilitado a sua sa\u00edda. &#8220;Na Record, terei a oportunidade de dirigir novelas&#8221;, anunciou.<\/p>\n<p>No entanto, a alegria durou pouco. A atriz realmente esteve na trama de Marc\u00edlio Moraes, quando viveu Luc\u00edlia, m\u00e3e da protagonista, Joana (Mayt\u00ea Piragibe).<\/p>\n<p>Mas o que parecia ser um casamento duradouro, ficou somente nisso. Segundo notici\u00e1rios da \u00e9poca, os bastidores da novela foram muito conturbados. A\u00a0atriz foi acusada de supostamente ser agressiva com alguns colegas de trabalho, como Jussara Freire, foi para a geladeira e de l\u00e1 nunca mais saiu.<\/p>\n<p>continua depois da publicidade<\/p>\n<p>&#8230;mas terminou em processo<\/p>\n<p>T\u00e1ssia processou a emissora, alegando que tinha um v\u00ednculo de pessoa jur\u00eddica, mas com obriga\u00e7\u00f5es de um profissional contratado. Em 2011, ela venceu a a\u00e7\u00e3o onde pedia o reconhecimento do v\u00ednculo empregat\u00edcio.<\/p>\n<p>&#8220;No momento de assinar o contrato, eles exigiram que eu fosse pessoa jur\u00eddica, na promessa de que iriam me registrar no futuro. O problema foi que a novela passou e nada aconteceu&#8221;, explicou T\u00e1ssia ao portal Terra em dezembro daquele ano.<\/p>\n<p>Sem entrar em detalhes, a atriz foi taxativa em entrevista ao blog de Helo\u00edsa Tolipan, publicada em 2016: &#8220;Na Record eu n\u00e3o piso mais&#8221;, garantiu.<\/p>\n<p>continua depois da publicidade<\/p>\n<p>Pelo menos at\u00e9 o momento, a promessa foi comprida. Vidas Opostas foi a \u00faltima novela de T\u00e1ssia Camargo na televis\u00e3o brasileira.<\/p>\n<p>Por onde anda T\u00e1ssia Camargo?<\/p>\n<p><img decoding=\"async\" loading=\"lazy\" class=\"horizontal\" src=\"https:\/\/www.europesays.com\/pt\/wp-content\/uploads\/2025\/11\/tassia-camargo-infarto_1735.jpeg\" alt=\"\u00daltima novela de T\u00e1ssia Camargo no Brasil estreava h\u00e1 19 anos: \\\" n=\"\" piso=\"\" mais=\"\"\/><\/p>\n<p>No final de 2017, T\u00e1ssia resolveu se mudar para Portugal com sua fam\u00edlia. Tudo parecia estar tranquilo quando, no dia 18 de mar\u00e7o de 2019, a atriz sofreu um infarto, foi socorrida a tempo e internada na UTI. Ela conseguiu sobreviver gra\u00e7as ao atendimento r\u00e1pido dos m\u00e9dicos portugueses.<\/p>\n<p>\u201cEstou de repouso, na UTI, ap\u00f3s um infarto no \u00faltimo fim de semana. Passei por alguns procedimentos e agora tudo est\u00e1 melhor. Mas estou bem e tendo novidades avisarei voc\u00eas\u201d, postou.<\/p>\n<p>continua depois da publicidade<\/p>\n<p>Dois anos depois do ocorrido, ela postou uma foto com a equipe m\u00e9dica que a salvou e disse que conquistou \u201cdois anivers\u00e1rios\u201d. \u201cH\u00e1 dois anos. Renasci gra\u00e7as aos grandes profissionais. Tive um infarto e estes cuidaram de mim. Hoje tenho um stent em meu cora\u00e7\u00e3o. Considero ter duas datas de nascimento, o meu nascimento e o meu renascimento em 18 de mar\u00e7o\u201d, contou.<\/p>\n<p>A atriz, que atualmente tem 64 anos, atuou em Valor da Vida, trama produzida pela TVI; naquele pa\u00eds, ela tamb\u00e9m d\u00e1 aulas de atua\u00e7\u00e3o. Por enquanto, os f\u00e3s podem matar as saudades de T\u00e1ssia Camargo vendo sua rotina nas redes sociais.<\/p>\n<p>continua depois da publicidade<\/p>\n","protected":false},"excerpt":{"rendered":"Musa de novelas e programas da Globo nas d\u00e9cadas de 1980 e 1990, T\u00e1ssia Camargo est\u00e1 longe da&hellip;\n","protected":false},"author":2,"featured_media":159978,"comment_status":"","ping_status":"","sticky":false,"template":"","format":"standard","meta":{"footnotes":""},"categories":[142],"tags":[114,115,32,33,2568,34068,151,34069],"class_list":{"0":"post-159977","1":"post","2":"type-post","3":"status-publish","4":"format-standard","5":"has-post-thumbnail","7":"category-tv","8":"tag-entertainment","9":"tag-entretenimento","10":"tag-portugal","11":"tag-pt","12":"tag-record","13":"tag-tassia-camargo","14":"tag-tv","15":"tag-vidas-opostas"},"share_on_mastodon":{"url":"https:\/\/pubeurope.com\/@pt\/115587774381329720","error":""},"_links":{"self":[{"href":"https:\/\/www.europesays.com\/pt\/wp-json\/wp\/v2\/posts\/159977","targetHints":{"allow":["GET"]}}],"collection":[{"href":"https:\/\/www.europesays.com\/pt\/wp-json\/wp\/v2\/posts"}],"about":[{"href":"https:\/\/www.europesays.com\/pt\/wp-json\/wp\/v2\/types\/post"}],"author":[{"embeddable":true,"href":"https:\/\/www.europesays.com\/pt\/wp-json\/wp\/v2\/users\/2"}],"replies":[{"embeddable":true,"href":"https:\/\/www.europesays.com\/pt\/wp-json\/wp\/v2\/comments?post=159977"}],"version-history":[{"count":0,"href":"https:\/\/www.europesays.com\/pt\/wp-json\/wp\/v2\/posts\/159977\/revisions"}],"wp:featuredmedia":[{"embeddable":true,"href":"https:\/\/www.europesays.com\/pt\/wp-json\/wp\/v2\/media\/159978"}],"wp:attachment":[{"href":"https:\/\/www.europesays.com\/pt\/wp-json\/wp\/v2\/media?parent=159977"}],"wp:term":[{"taxonomy":"category","embeddable":true,"href":"https:\/\/www.europesays.com\/pt\/wp-json\/wp\/v2\/categories?post=159977"},{"taxonomy":"post_tag","embeddable":true,"href":"https:\/\/www.europesays.com\/pt\/wp-json\/wp\/v2\/tags?post=159977"}],"curies":[{"name":"wp","href":"https:\/\/api.w.org\/{rel}","templated":true}]}}